{"id":2884,"date":"2022-12-16T12:09:00","date_gmt":"2022-12-16T12:09:00","guid":{"rendered":"http:\/\/www.michael-riedel.at\/?p=2884"},"modified":"2022-12-16T13:10:54","modified_gmt":"2022-12-16T13:10:54","slug":"franz-2","status":"publish","type":"post","link":"http:\/\/www.michael-riedel.at\/de\/franz-2\/","title":{"rendered":"Franz"},"content":{"rendered":"<p>Ich installierte im Sommer 2018 an meiner Wasserleitung den Water Alive. Siehe da \u2013 die Wasserqualit\u00e4t ver\u00e4nderte sich gleich danach und ich konnte ab dem Zeitpunkt reines Wasser ohne Zusatz von Sirup trinken und auch viel mehr Menge.<br>Wo sich die Ver\u00e4nderung auch noch sehr bemerkbar machte, war im Stall der Milchk\u00fche. Den G\u00fcllelagerraum unter den Spalten muss ich ca. alle 2 Monate in die Senkgrube mittels einem Schieber ablassen. Ich bemerkte gleich beim Ablassen, dass sich die Qualit\u00e4t der G\u00fclle sofort verbessert hatte, denn sie gleitete viel gleichm\u00e4\u00dfiger hinaus. Im Herbst beim Aufmixen mit dem G\u00fcllemixer brauche ich ca. nurmehr die H\u00e4lfte der Zeit lang, denn die G\u00fclle hatte keine so dicke Schwimmschicht mehr und auch der Geruch ist angenehmer. Die G\u00fclle wird vorher von den Lebewesen und Mikroorganismen schon besser abgebaut und sie ist auch viel harmonischer f\u00fcr den Boden.<\/p>","protected":false},"excerpt":{"rendered":"<p>Ich installierte im Sommer 2018 an meiner Wasserleitung den Water Alive. Siehe da \u2013 die Wasserqualit\u00e4t ver\u00e4nderte sich gleich danach und ich konnte ab dem Zeitpunkt reines Wasser ohne Zusatz von Sirup trinken und auch viel mehr Menge.Wo sich die Ver\u00e4nderung auch noch sehr bemerkbar machte, war im Stall der Milchk\u00fche. Den G\u00fcllelagerraum unter den [&hellip;]<\/p>\n","protected":false},"author":1,"featured_media":0,"comment_status":"closed","ping_status":"open","sticky":false,"template":"","format":"standard","meta":{"footnotes":""},"categories":[448],"tags":[],"class_list":["post-2884","post","type-post","status-publish","format-standard","hentry","category-water-alive"],"yoast_head":"<!-- This site is optimized with the Yoast SEO plugin v27.5 - https:\/\/yoast.com\/product\/yoast-seo-wordpress\/ -->\n<title>Franz - Ganzheitliche Praxis f\u00fcr Aroma-, Bowen- und Frequenztherapie - Mag. (FH) Michael Riedel<\/title>\n<meta name=\"robots\" content=\"index, follow, max-snippet:-1, max-image-preview:large, max-video-preview:-1\" \/>\n<link rel=\"canonical\" href=\"http:\/\/www.michael-riedel.at\/de\/franz-2\/\" \/>\n<meta property=\"og:locale\" content=\"de_DE\" \/>\n<meta property=\"og:type\" content=\"article\" \/>\n<meta property=\"og:title\" content=\"Franz - Ganzheitliche Praxis f\u00fcr Aroma-, Bowen- und Frequenztherapie - Mag. (FH) Michael Riedel\" \/>\n<meta property=\"og:description\" content=\"Ich installierte im Sommer 2018 an meiner Wasserleitung den Water Alive. Siehe da \u2013 die Wasserqualit\u00e4t ver\u00e4nderte sich gleich danach und ich konnte ab dem Zeitpunkt reines Wasser ohne Zusatz von Sirup trinken und auch viel mehr Menge.Wo sich die Ver\u00e4nderung auch noch sehr bemerkbar machte, war im Stall der Milchk\u00fche. Den G\u00fcllelagerraum unter den [&hellip;]\" \/>\n<meta property=\"og:url\" content=\"http:\/\/www.michael-riedel.at\/de\/franz-2\/\" \/>\n<meta property=\"og:site_name\" content=\"Ganzheitliche Praxis f\u00fcr Aroma-, Bowen- und Frequenztherapie - Mag. (FH) Michael Riedel\" \/>\n<meta property=\"article:published_time\" content=\"2022-12-16T12:09:00+00:00\" \/>\n<meta property=\"article:modified_time\" content=\"2022-12-16T13:10:54+00:00\" \/>\n<meta name=\"author\" content=\"heileradmin\" \/>\n<meta name=\"twitter:card\" content=\"summary_large_image\" \/>\n<meta name=\"twitter:label1\" content=\"Verfasst von\" \/>\n\t<meta name=\"twitter:data1\" content=\"heileradmin\" \/>\n\t<meta name=\"twitter:label2\" content=\"Gesch\u00e4tzte Lesezeit\" \/>\n\t<meta name=\"twitter:data2\" content=\"1 Minute\" \/>\n<script type=\"application\/ld+json\" class=\"yoast-schema-graph\">{\"@context\":\"https:\\\/\\\/schema.org\",\"@graph\":[{\"@type\":\"Article\",\"@id\":\"http:\\\/\\\/www.michael-riedel.at\\\/franz-2\\\/#article\",\"isPartOf\":{\"@id\":\"http:\\\/\\\/www.michael-riedel.at\\\/franz-2\\\/\"},\"author\":{\"name\":\"heileradmin\",\"@id\":\"http:\\\/\\\/www.michael-riedel.at\\\/#\\\/schema\\\/person\\\/063786a81856762d59139374a02dced7\"},\"headline\":\"Franz\",\"datePublished\":\"2022-12-16T12:09:00+00:00\",\"dateModified\":\"2022-12-16T13:10:54+00:00\",\"mainEntityOfPage\":{\"@id\":\"http:\\\/\\\/www.michael-riedel.at\\\/franz-2\\\/\"},\"wordCount\":153,\"publisher\":{\"@id\":\"http:\\\/\\\/www.michael-riedel.at\\\/#organization\"},\"articleSection\":[\"Water Alive\"],\"inLanguage\":\"de-AT\"},{\"@type\":\"WebPage\",\"@id\":\"http:\\\/\\\/www.michael-riedel.at\\\/franz-2\\\/\",\"url\":\"http:\\\/\\\/www.michael-riedel.at\\\/franz-2\\\/\",\"name\":\"Franz - Ganzheitliche Praxis f\u00fcr Aroma-, Bowen- und Frequenztherapie - Mag. (FH) Michael Riedel\",\"isPartOf\":{\"@id\":\"http:\\\/\\\/www.michael-riedel.at\\\/#website\"},\"datePublished\":\"2022-12-16T12:09:00+00:00\",\"dateModified\":\"2022-12-16T13:10:54+00:00\",\"breadcrumb\":{\"@id\":\"http:\\\/\\\/www.michael-riedel.at\\\/franz-2\\\/#breadcrumb\"},\"inLanguage\":\"de-AT\",\"potentialAction\":[{\"@type\":\"ReadAction\",\"target\":[\"http:\\\/\\\/www.michael-riedel.at\\\/franz-2\\\/\"]}]},{\"@type\":\"BreadcrumbList\",\"@id\":\"http:\\\/\\\/www.michael-riedel.at\\\/franz-2\\\/#breadcrumb\",\"itemListElement\":[{\"@type\":\"ListItem\",\"position\":1,\"name\":\"Home\",\"item\":\"https:\\\/\\\/www.michael-riedel.at\\\/\"},{\"@type\":\"ListItem\",\"position\":2,\"name\":\"Erfahrungsberichte\",\"item\":\"http:\\\/\\\/www.michael-riedel.at\\\/category\\\/erfahrungsberichte\\\/\"},{\"@type\":\"ListItem\",\"position\":3,\"name\":\"Water Alive\",\"item\":\"http:\\\/\\\/www.michael-riedel.at\\\/category\\\/erfahrungsberichte\\\/water-alive\\\/\"},{\"@type\":\"ListItem\",\"position\":4,\"name\":\"Franz\"}]},{\"@type\":\"WebSite\",\"@id\":\"http:\\\/\\\/www.michael-riedel.at\\\/#website\",\"url\":\"http:\\\/\\\/www.michael-riedel.at\\\/\",\"name\":\"Ganzheitliche Praxis f\u00fcr Aroma-, Bowen- und Frequenztherapie - Mag. (FH) Michael Riedel\",\"description\":\"\",\"publisher\":{\"@id\":\"http:\\\/\\\/www.michael-riedel.at\\\/#organization\"},\"potentialAction\":[{\"@type\":\"SearchAction\",\"target\":{\"@type\":\"EntryPoint\",\"urlTemplate\":\"http:\\\/\\\/www.michael-riedel.at\\\/?s={search_term_string}\"},\"query-input\":{\"@type\":\"PropertyValueSpecification\",\"valueRequired\":true,\"valueName\":\"search_term_string\"}}],\"inLanguage\":\"de-AT\"},{\"@type\":\"Organization\",\"@id\":\"http:\\\/\\\/www.michael-riedel.at\\\/#organization\",\"name\":\"Bowenpraxis Mag.(FH) Michael Riedel\",\"url\":\"http:\\\/\\\/www.michael-riedel.at\\\/\",\"logo\":{\"@type\":\"ImageObject\",\"inLanguage\":\"de-AT\",\"@id\":\"http:\\\/\\\/www.michael-riedel.at\\\/#\\\/schema\\\/logo\\\/image\\\/\",\"url\":\"https:\\\/\\\/i0.wp.com\\\/www.michael-riedel.at\\\/wp-content\\\/uploads\\\/mr_background_popup_600x600.png?fit=600%2C600&ssl=1\",\"contentUrl\":\"https:\\\/\\\/i0.wp.com\\\/www.michael-riedel.at\\\/wp-content\\\/uploads\\\/mr_background_popup_600x600.png?fit=600%2C600&ssl=1\",\"width\":600,\"height\":600,\"caption\":\"Bowenpraxis Mag.(FH) Michael Riedel\"},\"image\":{\"@id\":\"http:\\\/\\\/www.michael-riedel.at\\\/#\\\/schema\\\/logo\\\/image\\\/\"}},{\"@type\":\"Person\",\"@id\":\"http:\\\/\\\/www.michael-riedel.at\\\/#\\\/schema\\\/person\\\/063786a81856762d59139374a02dced7\",\"name\":\"heileradmin\",\"image\":{\"@type\":\"ImageObject\",\"inLanguage\":\"de-AT\",\"@id\":\"https:\\\/\\\/secure.gravatar.com\\\/avatar\\\/88821d8e0ff8be0290581e85d6df9c0aea688bfa31d90d35df75cb46e81d6ce5?s=96&d=mm&r=g\",\"url\":\"https:\\\/\\\/secure.gravatar.com\\\/avatar\\\/88821d8e0ff8be0290581e85d6df9c0aea688bfa31d90d35df75cb46e81d6ce5?s=96&d=mm&r=g\",\"contentUrl\":\"https:\\\/\\\/secure.gravatar.com\\\/avatar\\\/88821d8e0ff8be0290581e85d6df9c0aea688bfa31d90d35df75cb46e81d6ce5?s=96&d=mm&r=g\",\"caption\":\"heileradmin\"},\"sameAs\":[\"http:\\\/\\\/www.michael-riedel.at\"]}]}<\/script>\n<!-- \/ Yoast SEO plugin. -->","yoast_head_json":{"title":"Franz - Ganzheitliche Praxis f\u00fcr Aroma-, Bowen- und Frequenztherapie - Mag. (FH) Michael Riedel","robots":{"index":"index","follow":"follow","max-snippet":"max-snippet:-1","max-image-preview":"max-image-preview:large","max-video-preview":"max-video-preview:-1"},"canonical":"http:\/\/www.michael-riedel.at\/de\/franz-2\/","og_locale":"de_DE","og_type":"article","og_title":"Franz - Ganzheitliche Praxis f\u00fcr Aroma-, Bowen- und Frequenztherapie - Mag. (FH) Michael Riedel","og_description":"Ich installierte im Sommer 2018 an meiner Wasserleitung den Water Alive. Siehe da \u2013 die Wasserqualit\u00e4t ver\u00e4nderte sich gleich danach und ich konnte ab dem Zeitpunkt reines Wasser ohne Zusatz von Sirup trinken und auch viel mehr Menge.Wo sich die Ver\u00e4nderung auch noch sehr bemerkbar machte, war im Stall der Milchk\u00fche. Den G\u00fcllelagerraum unter den [&hellip;]","og_url":"http:\/\/www.michael-riedel.at\/de\/franz-2\/","og_site_name":"Ganzheitliche Praxis f\u00fcr Aroma-, Bowen- und Frequenztherapie - Mag. (FH) Michael Riedel","article_published_time":"2022-12-16T12:09:00+00:00","article_modified_time":"2022-12-16T13:10:54+00:00","author":"heileradmin","twitter_card":"summary_large_image","twitter_misc":{"Verfasst von":"heileradmin","Gesch\u00e4tzte Lesezeit":"1 Minute"},"schema":{"@context":"https:\/\/schema.org","@graph":[{"@type":"Article","@id":"http:\/\/www.michael-riedel.at\/franz-2\/#article","isPartOf":{"@id":"http:\/\/www.michael-riedel.at\/franz-2\/"},"author":{"name":"heileradmin","@id":"http:\/\/www.michael-riedel.at\/#\/schema\/person\/063786a81856762d59139374a02dced7"},"headline":"Franz","datePublished":"2022-12-16T12:09:00+00:00","dateModified":"2022-12-16T13:10:54+00:00","mainEntityOfPage":{"@id":"http:\/\/www.michael-riedel.at\/franz-2\/"},"wordCount":153,"publisher":{"@id":"http:\/\/www.michael-riedel.at\/#organization"},"articleSection":["Water Alive"],"inLanguage":"de-AT"},{"@type":"WebPage","@id":"http:\/\/www.michael-riedel.at\/franz-2\/","url":"http:\/\/www.michael-riedel.at\/franz-2\/","name":"Franz - Ganzheitliche Praxis f\u00fcr Aroma-, Bowen- und Frequenztherapie - Mag. (FH) Michael Riedel","isPartOf":{"@id":"http:\/\/www.michael-riedel.at\/#website"},"datePublished":"2022-12-16T12:09:00+00:00","dateModified":"2022-12-16T13:10:54+00:00","breadcrumb":{"@id":"http:\/\/www.michael-riedel.at\/franz-2\/#breadcrumb"},"inLanguage":"de-AT","potentialAction":[{"@type":"ReadAction","target":["http:\/\/www.michael-riedel.at\/franz-2\/"]}]},{"@type":"BreadcrumbList","@id":"http:\/\/www.michael-riedel.at\/franz-2\/#breadcrumb","itemListElement":[{"@type":"ListItem","position":1,"name":"Home","item":"https:\/\/www.michael-riedel.at\/"},{"@type":"ListItem","position":2,"name":"Erfahrungsberichte","item":"http:\/\/www.michael-riedel.at\/category\/erfahrungsberichte\/"},{"@type":"ListItem","position":3,"name":"Water Alive","item":"http:\/\/www.michael-riedel.at\/category\/erfahrungsberichte\/water-alive\/"},{"@type":"ListItem","position":4,"name":"Franz"}]},{"@type":"WebSite","@id":"http:\/\/www.michael-riedel.at\/#website","url":"http:\/\/www.michael-riedel.at\/","name":"Ganzheitliche Praxis f\u00fcr Aroma-, Bowen- und Frequenztherapie - Mag. (FH) Michael Riedel","description":"","publisher":{"@id":"http:\/\/www.michael-riedel.at\/#organization"},"potentialAction":[{"@type":"SearchAction","target":{"@type":"EntryPoint","urlTemplate":"http:\/\/www.michael-riedel.at\/?s={search_term_string}"},"query-input":{"@type":"PropertyValueSpecification","valueRequired":true,"valueName":"search_term_string"}}],"inLanguage":"de-AT"},{"@type":"Organization","@id":"http:\/\/www.michael-riedel.at\/#organization","name":"Bowenpraxis Mag.(FH) Michael Riedel","url":"http:\/\/www.michael-riedel.at\/","logo":{"@type":"ImageObject","inLanguage":"de-AT","@id":"http:\/\/www.michael-riedel.at\/#\/schema\/logo\/image\/","url":"https:\/\/i0.wp.com\/www.michael-riedel.at\/wp-content\/uploads\/mr_background_popup_600x600.png?fit=600%2C600&ssl=1","contentUrl":"https:\/\/i0.wp.com\/www.michael-riedel.at\/wp-content\/uploads\/mr_background_popup_600x600.png?fit=600%2C600&ssl=1","width":600,"height":600,"caption":"Bowenpraxis Mag.(FH) Michael Riedel"},"image":{"@id":"http:\/\/www.michael-riedel.at\/#\/schema\/logo\/image\/"}},{"@type":"Person","@id":"http:\/\/www.michael-riedel.at\/#\/schema\/person\/063786a81856762d59139374a02dced7","name":"heileradmin","image":{"@type":"ImageObject","inLanguage":"de-AT","@id":"https:\/\/secure.gravatar.com\/avatar\/88821d8e0ff8be0290581e85d6df9c0aea688bfa31d90d35df75cb46e81d6ce5?s=96&d=mm&r=g","url":"https:\/\/secure.gravatar.com\/avatar\/88821d8e0ff8be0290581e85d6df9c0aea688bfa31d90d35df75cb46e81d6ce5?s=96&d=mm&r=g","contentUrl":"https:\/\/secure.gravatar.com\/avatar\/88821d8e0ff8be0290581e85d6df9c0aea688bfa31d90d35df75cb46e81d6ce5?s=96&d=mm&r=g","caption":"heileradmin"},"sameAs":["http:\/\/www.michael-riedel.at"]}]}},"_links":{"self":[{"href":"http:\/\/www.michael-riedel.at\/de\/wp-json\/wp\/v2\/posts\/2884","targetHints":{"allow":["GET"]}}],"collection":[{"href":"http:\/\/www.michael-riedel.at\/de\/wp-json\/wp\/v2\/posts"}],"about":[{"href":"http:\/\/www.michael-riedel.at\/de\/wp-json\/wp\/v2\/types\/post"}],"author":[{"embeddable":true,"href":"http:\/\/www.michael-riedel.at\/de\/wp-json\/wp\/v2\/users\/1"}],"replies":[{"embeddable":true,"href":"http:\/\/www.michael-riedel.at\/de\/wp-json\/wp\/v2\/comments?post=2884"}],"version-history":[{"count":0,"href":"http:\/\/www.michael-riedel.at\/de\/wp-json\/wp\/v2\/posts\/2884\/revisions"}],"wp:attachment":[{"href":"http:\/\/www.michael-riedel.at\/de\/wp-json\/wp\/v2\/media?parent=2884"}],"wp:term":[{"taxonomy":"category","embeddable":true,"href":"http:\/\/www.michael-riedel.at\/de\/wp-json\/wp\/v2\/categories?post=2884"},{"taxonomy":"post_tag","embeddable":true,"href":"http:\/\/www.michael-riedel.at\/de\/wp-json\/wp\/v2\/tags?post=2884"}],"curies":[{"name":"wp","href":"https:\/\/api.w.org\/{rel}","templated":true}]}}