{"id":2904,"date":"2022-12-16T13:30:03","date_gmt":"2022-12-16T13:30:03","guid":{"rendered":"http:\/\/www.michael-riedel.at\/?p=2904"},"modified":"2022-12-16T14:50:32","modified_gmt":"2022-12-16T14:50:32","slug":"klient-maennlich-78j","status":"publish","type":"post","link":"http:\/\/www.michael-riedel.at\/de\/klient-maennlich-78j\/","title":{"rendered":"Klient m\u00e4nnlich, 78J"},"content":{"rendered":"<h4 class=\"wp-block-heading\" id=\"h-ausgangssituation\">Ausgangssituation<\/h4>\n\n\n\n<p>Schlafprobleme, metaboisches Syndrom. <\/p>\n\n\n\n<p><\/p>\n\n\n\n<h4 class=\"wp-block-heading\">Anwendungen<\/h4>\n\n\n\n<p>Fernbehandlung t\u00e4glich bis jeden 2. Tag  jeweils 30 Minuten.<\/p>\n\n\n\n<p><\/p>\n\n\n\n<h4 class=\"wp-block-heading\">Ergebnis<\/h4>\n\n\n\n<p>Die Schlafprobleme sind verschwunden, guter Schlaf-\/Wachrhythmus. Auch die st\u00e4ndigen R\u00fcckenschmerzen in der Fr\u00fch sind weg. Der Blutzuckerspiegel hat sich ebenfalls verbessert. <\/p>\n\n\n\n<p>Eingangs- und laufende Kontrolle mittels HRV-Messung<\/p>\n\n\n\n<div style=\"height:50px\" aria-hidden=\"true\" class=\"wp-block-spacer\"><\/div>","protected":false},"excerpt":{"rendered":"<p>Ausgangssituation Schlafprobleme, metaboisches Syndrom. Anwendungen Fernbehandlung t\u00e4glich bis jeden 2. Tag jeweils 30 Minuten. Ergebnis Die Schlafprobleme sind verschwunden, guter Schlaf-\/Wachrhythmus. Auch die st\u00e4ndigen R\u00fcckenschmerzen in der Fr\u00fch sind weg. Der Blutzuckerspiegel hat sich ebenfalls verbessert. Eingangs- und laufende Kontrolle mittels HRV-Messung<\/p>","protected":false},"author":1,"featured_media":0,"comment_status":"closed","ping_status":"open","sticky":false,"template":"","format":"standard","meta":{"footnotes":""},"categories":[450],"tags":[],"class_list":["post-2904","post","type-post","status-publish","format-standard","hentry","category-teleonic"],"yoast_head":"<!-- This site is optimized with the Yoast SEO plugin v27.4 - https:\/\/yoast.com\/product\/yoast-seo-wordpress\/ -->\n<title>Klient m\u00e4nnlich, 78J - Ganzheitliche Praxis f\u00fcr Aroma-, Bowen- und Frequenztherapie - Mag. (FH) Michael Riedel<\/title>\n<meta name=\"robots\" content=\"index, follow, max-snippet:-1, max-image-preview:large, max-video-preview:-1\" \/>\n<link rel=\"canonical\" href=\"http:\/\/www.michael-riedel.at\/de\/klient-maennlich-78j\/\" \/>\n<meta property=\"og:locale\" content=\"de_DE\" \/>\n<meta property=\"og:type\" content=\"article\" \/>\n<meta property=\"og:title\" content=\"Klient m\u00e4nnlich, 78J - Ganzheitliche Praxis f\u00fcr Aroma-, Bowen- und Frequenztherapie - Mag. (FH) Michael Riedel\" \/>\n<meta property=\"og:description\" content=\"Ausgangssituation Schlafprobleme, metaboisches Syndrom. Anwendungen Fernbehandlung t\u00e4glich bis jeden 2. Tag jeweils 30 Minuten. Ergebnis Die Schlafprobleme sind verschwunden, guter Schlaf-\/Wachrhythmus. Auch die st\u00e4ndigen R\u00fcckenschmerzen in der Fr\u00fch sind weg. Der Blutzuckerspiegel hat sich ebenfalls verbessert. Eingangs- und laufende Kontrolle mittels HRV-Messung\" \/>\n<meta property=\"og:url\" content=\"http:\/\/www.michael-riedel.at\/de\/klient-maennlich-78j\/\" \/>\n<meta property=\"og:site_name\" content=\"Ganzheitliche Praxis f\u00fcr Aroma-, Bowen- und Frequenztherapie - Mag. (FH) Michael Riedel\" \/>\n<meta property=\"article:published_time\" content=\"2022-12-16T13:30:03+00:00\" \/>\n<meta property=\"article:modified_time\" content=\"2022-12-16T14:50:32+00:00\" \/>\n<meta name=\"author\" content=\"heileradmin\" \/>\n<meta name=\"twitter:card\" content=\"summary_large_image\" \/>\n<meta name=\"twitter:label1\" content=\"Verfasst von\" \/>\n\t<meta name=\"twitter:data1\" content=\"heileradmin\" \/>\n\t<meta name=\"twitter:label2\" content=\"Gesch\u00e4tzte Lesezeit\" \/>\n\t<meta name=\"twitter:data2\" content=\"1 Minute\" \/>\n<script type=\"application\/ld+json\" class=\"yoast-schema-graph\">{\"@context\":\"https:\\\/\\\/schema.org\",\"@graph\":[{\"@type\":\"Article\",\"@id\":\"http:\\\/\\\/www.michael-riedel.at\\\/klient-maennlich-78j\\\/#article\",\"isPartOf\":{\"@id\":\"http:\\\/\\\/www.michael-riedel.at\\\/klient-maennlich-78j\\\/\"},\"author\":{\"name\":\"heileradmin\",\"@id\":\"http:\\\/\\\/www.michael-riedel.at\\\/#\\\/schema\\\/person\\\/063786a81856762d59139374a02dced7\"},\"headline\":\"Klient m\u00e4nnlich, 78J\",\"datePublished\":\"2022-12-16T13:30:03+00:00\",\"dateModified\":\"2022-12-16T14:50:32+00:00\",\"mainEntityOfPage\":{\"@id\":\"http:\\\/\\\/www.michael-riedel.at\\\/klient-maennlich-78j\\\/\"},\"wordCount\":49,\"publisher\":{\"@id\":\"http:\\\/\\\/www.michael-riedel.at\\\/#organization\"},\"articleSection\":[\"Teleonic\"],\"inLanguage\":\"de-AT\"},{\"@type\":\"WebPage\",\"@id\":\"http:\\\/\\\/www.michael-riedel.at\\\/klient-maennlich-78j\\\/\",\"url\":\"http:\\\/\\\/www.michael-riedel.at\\\/klient-maennlich-78j\\\/\",\"name\":\"Klient m\u00e4nnlich, 78J - Ganzheitliche Praxis f\u00fcr Aroma-, Bowen- und Frequenztherapie - Mag. (FH) Michael Riedel\",\"isPartOf\":{\"@id\":\"http:\\\/\\\/www.michael-riedel.at\\\/#website\"},\"datePublished\":\"2022-12-16T13:30:03+00:00\",\"dateModified\":\"2022-12-16T14:50:32+00:00\",\"breadcrumb\":{\"@id\":\"http:\\\/\\\/www.michael-riedel.at\\\/klient-maennlich-78j\\\/#breadcrumb\"},\"inLanguage\":\"de-AT\",\"potentialAction\":[{\"@type\":\"ReadAction\",\"target\":[\"http:\\\/\\\/www.michael-riedel.at\\\/klient-maennlich-78j\\\/\"]}]},{\"@type\":\"BreadcrumbList\",\"@id\":\"http:\\\/\\\/www.michael-riedel.at\\\/klient-maennlich-78j\\\/#breadcrumb\",\"itemListElement\":[{\"@type\":\"ListItem\",\"position\":1,\"name\":\"Home\",\"item\":\"https:\\\/\\\/www.michael-riedel.at\\\/\"},{\"@type\":\"ListItem\",\"position\":2,\"name\":\"Erfahrungsberichte\",\"item\":\"http:\\\/\\\/www.michael-riedel.at\\\/category\\\/erfahrungsberichte\\\/\"},{\"@type\":\"ListItem\",\"position\":3,\"name\":\"Teleonic\",\"item\":\"http:\\\/\\\/www.michael-riedel.at\\\/category\\\/erfahrungsberichte\\\/teleonic\\\/\"},{\"@type\":\"ListItem\",\"position\":4,\"name\":\"Klient m\u00e4nnlich, 78J\"}]},{\"@type\":\"WebSite\",\"@id\":\"http:\\\/\\\/www.michael-riedel.at\\\/#website\",\"url\":\"http:\\\/\\\/www.michael-riedel.at\\\/\",\"name\":\"Ganzheitliche Praxis f\u00fcr Aroma-, Bowen- und Frequenztherapie - Mag. (FH) Michael Riedel\",\"description\":\"\",\"publisher\":{\"@id\":\"http:\\\/\\\/www.michael-riedel.at\\\/#organization\"},\"potentialAction\":[{\"@type\":\"SearchAction\",\"target\":{\"@type\":\"EntryPoint\",\"urlTemplate\":\"http:\\\/\\\/www.michael-riedel.at\\\/?s={search_term_string}\"},\"query-input\":{\"@type\":\"PropertyValueSpecification\",\"valueRequired\":true,\"valueName\":\"search_term_string\"}}],\"inLanguage\":\"de-AT\"},{\"@type\":\"Organization\",\"@id\":\"http:\\\/\\\/www.michael-riedel.at\\\/#organization\",\"name\":\"Bowenpraxis Mag.(FH) Michael Riedel\",\"url\":\"http:\\\/\\\/www.michael-riedel.at\\\/\",\"logo\":{\"@type\":\"ImageObject\",\"inLanguage\":\"de-AT\",\"@id\":\"http:\\\/\\\/www.michael-riedel.at\\\/#\\\/schema\\\/logo\\\/image\\\/\",\"url\":\"https:\\\/\\\/i0.wp.com\\\/www.michael-riedel.at\\\/wp-content\\\/uploads\\\/mr_background_popup_600x600.png?fit=600%2C600&ssl=1\",\"contentUrl\":\"https:\\\/\\\/i0.wp.com\\\/www.michael-riedel.at\\\/wp-content\\\/uploads\\\/mr_background_popup_600x600.png?fit=600%2C600&ssl=1\",\"width\":600,\"height\":600,\"caption\":\"Bowenpraxis Mag.(FH) Michael Riedel\"},\"image\":{\"@id\":\"http:\\\/\\\/www.michael-riedel.at\\\/#\\\/schema\\\/logo\\\/image\\\/\"}},{\"@type\":\"Person\",\"@id\":\"http:\\\/\\\/www.michael-riedel.at\\\/#\\\/schema\\\/person\\\/063786a81856762d59139374a02dced7\",\"name\":\"heileradmin\",\"image\":{\"@type\":\"ImageObject\",\"inLanguage\":\"de-AT\",\"@id\":\"https:\\\/\\\/secure.gravatar.com\\\/avatar\\\/88821d8e0ff8be0290581e85d6df9c0aea688bfa31d90d35df75cb46e81d6ce5?s=96&d=mm&r=g\",\"url\":\"https:\\\/\\\/secure.gravatar.com\\\/avatar\\\/88821d8e0ff8be0290581e85d6df9c0aea688bfa31d90d35df75cb46e81d6ce5?s=96&d=mm&r=g\",\"contentUrl\":\"https:\\\/\\\/secure.gravatar.com\\\/avatar\\\/88821d8e0ff8be0290581e85d6df9c0aea688bfa31d90d35df75cb46e81d6ce5?s=96&d=mm&r=g\",\"caption\":\"heileradmin\"},\"sameAs\":[\"http:\\\/\\\/www.michael-riedel.at\"]}]}<\/script>\n<!-- \/ Yoast SEO plugin. -->","yoast_head_json":{"title":"Klient m\u00e4nnlich, 78J - Ganzheitliche Praxis f\u00fcr Aroma-, Bowen- und Frequenztherapie - Mag. (FH) Michael Riedel","robots":{"index":"index","follow":"follow","max-snippet":"max-snippet:-1","max-image-preview":"max-image-preview:large","max-video-preview":"max-video-preview:-1"},"canonical":"http:\/\/www.michael-riedel.at\/de\/klient-maennlich-78j\/","og_locale":"de_DE","og_type":"article","og_title":"Klient m\u00e4nnlich, 78J - Ganzheitliche Praxis f\u00fcr Aroma-, Bowen- und Frequenztherapie - Mag. (FH) Michael Riedel","og_description":"Ausgangssituation Schlafprobleme, metaboisches Syndrom. Anwendungen Fernbehandlung t\u00e4glich bis jeden 2. Tag jeweils 30 Minuten. Ergebnis Die Schlafprobleme sind verschwunden, guter Schlaf-\/Wachrhythmus. Auch die st\u00e4ndigen R\u00fcckenschmerzen in der Fr\u00fch sind weg. Der Blutzuckerspiegel hat sich ebenfalls verbessert. Eingangs- und laufende Kontrolle mittels HRV-Messung","og_url":"http:\/\/www.michael-riedel.at\/de\/klient-maennlich-78j\/","og_site_name":"Ganzheitliche Praxis f\u00fcr Aroma-, Bowen- und Frequenztherapie - Mag. (FH) Michael Riedel","article_published_time":"2022-12-16T13:30:03+00:00","article_modified_time":"2022-12-16T14:50:32+00:00","author":"heileradmin","twitter_card":"summary_large_image","twitter_misc":{"Verfasst von":"heileradmin","Gesch\u00e4tzte Lesezeit":"1 Minute"},"schema":{"@context":"https:\/\/schema.org","@graph":[{"@type":"Article","@id":"http:\/\/www.michael-riedel.at\/klient-maennlich-78j\/#article","isPartOf":{"@id":"http:\/\/www.michael-riedel.at\/klient-maennlich-78j\/"},"author":{"name":"heileradmin","@id":"http:\/\/www.michael-riedel.at\/#\/schema\/person\/063786a81856762d59139374a02dced7"},"headline":"Klient m\u00e4nnlich, 78J","datePublished":"2022-12-16T13:30:03+00:00","dateModified":"2022-12-16T14:50:32+00:00","mainEntityOfPage":{"@id":"http:\/\/www.michael-riedel.at\/klient-maennlich-78j\/"},"wordCount":49,"publisher":{"@id":"http:\/\/www.michael-riedel.at\/#organization"},"articleSection":["Teleonic"],"inLanguage":"de-AT"},{"@type":"WebPage","@id":"http:\/\/www.michael-riedel.at\/klient-maennlich-78j\/","url":"http:\/\/www.michael-riedel.at\/klient-maennlich-78j\/","name":"Klient m\u00e4nnlich, 78J - Ganzheitliche Praxis f\u00fcr Aroma-, Bowen- und Frequenztherapie - Mag. (FH) Michael Riedel","isPartOf":{"@id":"http:\/\/www.michael-riedel.at\/#website"},"datePublished":"2022-12-16T13:30:03+00:00","dateModified":"2022-12-16T14:50:32+00:00","breadcrumb":{"@id":"http:\/\/www.michael-riedel.at\/klient-maennlich-78j\/#breadcrumb"},"inLanguage":"de-AT","potentialAction":[{"@type":"ReadAction","target":["http:\/\/www.michael-riedel.at\/klient-maennlich-78j\/"]}]},{"@type":"BreadcrumbList","@id":"http:\/\/www.michael-riedel.at\/klient-maennlich-78j\/#breadcrumb","itemListElement":[{"@type":"ListItem","position":1,"name":"Home","item":"https:\/\/www.michael-riedel.at\/"},{"@type":"ListItem","position":2,"name":"Erfahrungsberichte","item":"http:\/\/www.michael-riedel.at\/category\/erfahrungsberichte\/"},{"@type":"ListItem","position":3,"name":"Teleonic","item":"http:\/\/www.michael-riedel.at\/category\/erfahrungsberichte\/teleonic\/"},{"@type":"ListItem","position":4,"name":"Klient m\u00e4nnlich, 78J"}]},{"@type":"WebSite","@id":"http:\/\/www.michael-riedel.at\/#website","url":"http:\/\/www.michael-riedel.at\/","name":"Ganzheitliche Praxis f\u00fcr Aroma-, Bowen- und Frequenztherapie - Mag. (FH) Michael Riedel","description":"","publisher":{"@id":"http:\/\/www.michael-riedel.at\/#organization"},"potentialAction":[{"@type":"SearchAction","target":{"@type":"EntryPoint","urlTemplate":"http:\/\/www.michael-riedel.at\/?s={search_term_string}"},"query-input":{"@type":"PropertyValueSpecification","valueRequired":true,"valueName":"search_term_string"}}],"inLanguage":"de-AT"},{"@type":"Organization","@id":"http:\/\/www.michael-riedel.at\/#organization","name":"Bowenpraxis Mag.(FH) Michael Riedel","url":"http:\/\/www.michael-riedel.at\/","logo":{"@type":"ImageObject","inLanguage":"de-AT","@id":"http:\/\/www.michael-riedel.at\/#\/schema\/logo\/image\/","url":"https:\/\/i0.wp.com\/www.michael-riedel.at\/wp-content\/uploads\/mr_background_popup_600x600.png?fit=600%2C600&ssl=1","contentUrl":"https:\/\/i0.wp.com\/www.michael-riedel.at\/wp-content\/uploads\/mr_background_popup_600x600.png?fit=600%2C600&ssl=1","width":600,"height":600,"caption":"Bowenpraxis Mag.(FH) Michael Riedel"},"image":{"@id":"http:\/\/www.michael-riedel.at\/#\/schema\/logo\/image\/"}},{"@type":"Person","@id":"http:\/\/www.michael-riedel.at\/#\/schema\/person\/063786a81856762d59139374a02dced7","name":"heileradmin","image":{"@type":"ImageObject","inLanguage":"de-AT","@id":"https:\/\/secure.gravatar.com\/avatar\/88821d8e0ff8be0290581e85d6df9c0aea688bfa31d90d35df75cb46e81d6ce5?s=96&d=mm&r=g","url":"https:\/\/secure.gravatar.com\/avatar\/88821d8e0ff8be0290581e85d6df9c0aea688bfa31d90d35df75cb46e81d6ce5?s=96&d=mm&r=g","contentUrl":"https:\/\/secure.gravatar.com\/avatar\/88821d8e0ff8be0290581e85d6df9c0aea688bfa31d90d35df75cb46e81d6ce5?s=96&d=mm&r=g","caption":"heileradmin"},"sameAs":["http:\/\/www.michael-riedel.at"]}]}},"_links":{"self":[{"href":"http:\/\/www.michael-riedel.at\/de\/wp-json\/wp\/v2\/posts\/2904","targetHints":{"allow":["GET"]}}],"collection":[{"href":"http:\/\/www.michael-riedel.at\/de\/wp-json\/wp\/v2\/posts"}],"about":[{"href":"http:\/\/www.michael-riedel.at\/de\/wp-json\/wp\/v2\/types\/post"}],"author":[{"embeddable":true,"href":"http:\/\/www.michael-riedel.at\/de\/wp-json\/wp\/v2\/users\/1"}],"replies":[{"embeddable":true,"href":"http:\/\/www.michael-riedel.at\/de\/wp-json\/wp\/v2\/comments?post=2904"}],"version-history":[{"count":0,"href":"http:\/\/www.michael-riedel.at\/de\/wp-json\/wp\/v2\/posts\/2904\/revisions"}],"wp:attachment":[{"href":"http:\/\/www.michael-riedel.at\/de\/wp-json\/wp\/v2\/media?parent=2904"}],"wp:term":[{"taxonomy":"category","embeddable":true,"href":"http:\/\/www.michael-riedel.at\/de\/wp-json\/wp\/v2\/categories?post=2904"},{"taxonomy":"post_tag","embeddable":true,"href":"http:\/\/www.michael-riedel.at\/de\/wp-json\/wp\/v2\/tags?post=2904"}],"curies":[{"name":"wp","href":"https:\/\/api.w.org\/{rel}","templated":true}]}}