{"id":2865,"date":"2022-12-16T13:01:00","date_gmt":"2022-12-16T13:01:00","guid":{"rendered":"http:\/\/www.michael-riedel.at\/?p=2865"},"modified":"2022-12-16T13:01:03","modified_gmt":"2022-12-16T13:01:03","slug":"thomas-2","status":"publish","type":"post","link":"http:\/\/www.michael-riedel.at\/fr\/thomas-2\/","title":{"rendered":"Thomas"},"content":{"rendered":"<p>Depuis que j'ai raccord\u00e9 le Water Alive \u00e0 l'eau courante, le calcaire s'\u00e9limine tr\u00e8s facilement.<\/p>\n\n\n\n<p>Apr\u00e8s la douche, on sent que les cheveux sont plus doux et que la peau ne p\u00e8le plus, et ce apr\u00e8s 14 jours d\u00e9j\u00e0.<\/p>","protected":false},"excerpt":{"rendered":"<p>Depuis que j'ai raccord\u00e9 le Water Alive \u00e0 la conduite d'eau, le calcaire s'\u00e9limine tr\u00e8s facilement Apr\u00e8s les douches, on sent que les cheveux sont plus doux et que la peau ne p\u00e8le plus et ce, apr\u00e8s 14 jours d\u00e9j\u00e0<\/p>","protected":false},"author":1,"featured_media":0,"comment_status":"closed","ping_status":"open","sticky":false,"template":"","format":"standard","meta":{"footnotes":""},"categories":[448],"tags":[],"class_list":["post-2865","post","type-post","status-publish","format-standard","hentry","category-water-alive"],"yoast_head":"<!-- This site is optimized with the Yoast SEO plugin v27.5 - https:\/\/yoast.com\/product\/yoast-seo-wordpress\/ -->\n<title>Thomas - Ganzheitliche Praxis f\u00fcr Aroma-, Bowen- und Frequenztherapie - Mag. (FH) Michael Riedel<\/title>\n<meta name=\"robots\" content=\"index, follow, max-snippet:-1, max-image-preview:large, max-video-preview:-1\" \/>\n<link rel=\"canonical\" href=\"http:\/\/www.michael-riedel.at\/fr\/thomas-2\/\" \/>\n<meta property=\"og:locale\" content=\"fr_FR\" \/>\n<meta property=\"og:type\" content=\"article\" \/>\n<meta property=\"og:title\" content=\"Thomas - Ganzheitliche Praxis f\u00fcr Aroma-, Bowen- und Frequenztherapie - Mag. (FH) Michael Riedel\" \/>\n<meta property=\"og:description\" content=\"Seid ich das Water Alive an die Wasserleitung angeschlossen habe lest sich der Kalk sehr leicht entfernen Nach den Duschen f\u00fchlt man das die Haare weicher sind und Haut nicht mehr schuppt und das nach 14 Tagen schon\" \/>\n<meta property=\"og:url\" content=\"http:\/\/www.michael-riedel.at\/fr\/thomas-2\/\" \/>\n<meta property=\"og:site_name\" content=\"Ganzheitliche Praxis f\u00fcr Aroma-, Bowen- und Frequenztherapie - Mag. (FH) Michael Riedel\" \/>\n<meta property=\"article:published_time\" content=\"2022-12-16T13:01:00+00:00\" \/>\n<meta property=\"article:modified_time\" content=\"2022-12-16T13:01:03+00:00\" \/>\n<meta name=\"author\" content=\"heileradmin\" \/>\n<meta name=\"twitter:card\" content=\"summary_large_image\" \/>\n<meta name=\"twitter:label1\" content=\"\u00c9crit par\" \/>\n\t<meta name=\"twitter:data1\" content=\"heileradmin\" \/>\n\t<meta name=\"twitter:label2\" content=\"Dur\u00e9e de lecture estim\u00e9e\" \/>\n\t<meta name=\"twitter:data2\" content=\"1 minute\" \/>\n<script type=\"application\/ld+json\" class=\"yoast-schema-graph\">{\"@context\":\"https:\\\/\\\/schema.org\",\"@graph\":[{\"@type\":\"Article\",\"@id\":\"http:\\\/\\\/www.michael-riedel.at\\\/thomas-2\\\/#article\",\"isPartOf\":{\"@id\":\"http:\\\/\\\/www.michael-riedel.at\\\/thomas-2\\\/\"},\"author\":{\"name\":\"heileradmin\",\"@id\":\"http:\\\/\\\/www.michael-riedel.at\\\/#\\\/schema\\\/person\\\/063786a81856762d59139374a02dced7\"},\"headline\":\"Thomas\",\"datePublished\":\"2022-12-16T13:01:00+00:00\",\"dateModified\":\"2022-12-16T13:01:03+00:00\",\"mainEntityOfPage\":{\"@id\":\"http:\\\/\\\/www.michael-riedel.at\\\/thomas-2\\\/\"},\"wordCount\":39,\"publisher\":{\"@id\":\"http:\\\/\\\/www.michael-riedel.at\\\/#organization\"},\"articleSection\":[\"Water Alive\"],\"inLanguage\":\"fr-FR\"},{\"@type\":\"WebPage\",\"@id\":\"http:\\\/\\\/www.michael-riedel.at\\\/thomas-2\\\/\",\"url\":\"http:\\\/\\\/www.michael-riedel.at\\\/thomas-2\\\/\",\"name\":\"Thomas - Ganzheitliche Praxis f\u00fcr Aroma-, Bowen- und Frequenztherapie - Mag. (FH) Michael Riedel\",\"isPartOf\":{\"@id\":\"http:\\\/\\\/www.michael-riedel.at\\\/#website\"},\"datePublished\":\"2022-12-16T13:01:00+00:00\",\"dateModified\":\"2022-12-16T13:01:03+00:00\",\"breadcrumb\":{\"@id\":\"http:\\\/\\\/www.michael-riedel.at\\\/thomas-2\\\/#breadcrumb\"},\"inLanguage\":\"fr-FR\",\"potentialAction\":[{\"@type\":\"ReadAction\",\"target\":[\"http:\\\/\\\/www.michael-riedel.at\\\/thomas-2\\\/\"]}]},{\"@type\":\"BreadcrumbList\",\"@id\":\"http:\\\/\\\/www.michael-riedel.at\\\/thomas-2\\\/#breadcrumb\",\"itemListElement\":[{\"@type\":\"ListItem\",\"position\":1,\"name\":\"Home\",\"item\":\"https:\\\/\\\/www.michael-riedel.at\\\/\"},{\"@type\":\"ListItem\",\"position\":2,\"name\":\"Erfahrungsberichte\",\"item\":\"http:\\\/\\\/www.michael-riedel.at\\\/category\\\/erfahrungsberichte\\\/\"},{\"@type\":\"ListItem\",\"position\":3,\"name\":\"Water Alive\",\"item\":\"http:\\\/\\\/www.michael-riedel.at\\\/category\\\/erfahrungsberichte\\\/water-alive\\\/\"},{\"@type\":\"ListItem\",\"position\":4,\"name\":\"Thomas\"}]},{\"@type\":\"WebSite\",\"@id\":\"http:\\\/\\\/www.michael-riedel.at\\\/#website\",\"url\":\"http:\\\/\\\/www.michael-riedel.at\\\/\",\"name\":\"Ganzheitliche Praxis f\u00fcr Aroma-, Bowen- und Frequenztherapie - Mag. (FH) Michael Riedel\",\"description\":\"\",\"publisher\":{\"@id\":\"http:\\\/\\\/www.michael-riedel.at\\\/#organization\"},\"potentialAction\":[{\"@type\":\"SearchAction\",\"target\":{\"@type\":\"EntryPoint\",\"urlTemplate\":\"http:\\\/\\\/www.michael-riedel.at\\\/?s={search_term_string}\"},\"query-input\":{\"@type\":\"PropertyValueSpecification\",\"valueRequired\":true,\"valueName\":\"search_term_string\"}}],\"inLanguage\":\"fr-FR\"},{\"@type\":\"Organization\",\"@id\":\"http:\\\/\\\/www.michael-riedel.at\\\/#organization\",\"name\":\"Bowenpraxis Mag.(FH) Michael Riedel\",\"url\":\"http:\\\/\\\/www.michael-riedel.at\\\/\",\"logo\":{\"@type\":\"ImageObject\",\"inLanguage\":\"fr-FR\",\"@id\":\"http:\\\/\\\/www.michael-riedel.at\\\/#\\\/schema\\\/logo\\\/image\\\/\",\"url\":\"https:\\\/\\\/i0.wp.com\\\/www.michael-riedel.at\\\/wp-content\\\/uploads\\\/mr_background_popup_600x600.png?fit=600%2C600&ssl=1\",\"contentUrl\":\"https:\\\/\\\/i0.wp.com\\\/www.michael-riedel.at\\\/wp-content\\\/uploads\\\/mr_background_popup_600x600.png?fit=600%2C600&ssl=1\",\"width\":600,\"height\":600,\"caption\":\"Bowenpraxis Mag.(FH) Michael Riedel\"},\"image\":{\"@id\":\"http:\\\/\\\/www.michael-riedel.at\\\/#\\\/schema\\\/logo\\\/image\\\/\"}},{\"@type\":\"Person\",\"@id\":\"http:\\\/\\\/www.michael-riedel.at\\\/#\\\/schema\\\/person\\\/063786a81856762d59139374a02dced7\",\"name\":\"heileradmin\",\"image\":{\"@type\":\"ImageObject\",\"inLanguage\":\"fr-FR\",\"@id\":\"https:\\\/\\\/secure.gravatar.com\\\/avatar\\\/88821d8e0ff8be0290581e85d6df9c0aea688bfa31d90d35df75cb46e81d6ce5?s=96&d=mm&r=g\",\"url\":\"https:\\\/\\\/secure.gravatar.com\\\/avatar\\\/88821d8e0ff8be0290581e85d6df9c0aea688bfa31d90d35df75cb46e81d6ce5?s=96&d=mm&r=g\",\"contentUrl\":\"https:\\\/\\\/secure.gravatar.com\\\/avatar\\\/88821d8e0ff8be0290581e85d6df9c0aea688bfa31d90d35df75cb46e81d6ce5?s=96&d=mm&r=g\",\"caption\":\"heileradmin\"},\"sameAs\":[\"http:\\\/\\\/www.michael-riedel.at\"]}]}<\/script>\n<!-- \/ Yoast SEO plugin. -->","yoast_head_json":{"title":"Thomas - Cabinet holistique d'aromath\u00e9rapie, de th\u00e9rapie Bowen et de th\u00e9rapie par la fr\u00e9quence - Mag. (FH) Michael Riedel","robots":{"index":"index","follow":"follow","max-snippet":"max-snippet:-1","max-image-preview":"max-image-preview:large","max-video-preview":"max-video-preview:-1"},"canonical":"http:\/\/www.michael-riedel.at\/fr\/thomas-2\/","og_locale":"fr_FR","og_type":"article","og_title":"Thomas - Ganzheitliche Praxis f\u00fcr Aroma-, Bowen- und Frequenztherapie - Mag. (FH) Michael Riedel","og_description":"Seid ich das Water Alive an die Wasserleitung angeschlossen habe lest sich der Kalk sehr leicht entfernen Nach den Duschen f\u00fchlt man das die Haare weicher sind und Haut nicht mehr schuppt und das nach 14 Tagen schon","og_url":"http:\/\/www.michael-riedel.at\/fr\/thomas-2\/","og_site_name":"Ganzheitliche Praxis f\u00fcr Aroma-, Bowen- und Frequenztherapie - Mag. (FH) Michael Riedel","article_published_time":"2022-12-16T13:01:00+00:00","article_modified_time":"2022-12-16T13:01:03+00:00","author":"heileradmin","twitter_card":"summary_large_image","twitter_misc":{"\u00c9crit par":"heileradmin","Dur\u00e9e de lecture estim\u00e9e":"1 minute"},"schema":{"@context":"https:\/\/schema.org","@graph":[{"@type":"Article","@id":"http:\/\/www.michael-riedel.at\/thomas-2\/#article","isPartOf":{"@id":"http:\/\/www.michael-riedel.at\/thomas-2\/"},"author":{"name":"heileradmin","@id":"http:\/\/www.michael-riedel.at\/#\/schema\/person\/063786a81856762d59139374a02dced7"},"headline":"Thomas","datePublished":"2022-12-16T13:01:00+00:00","dateModified":"2022-12-16T13:01:03+00:00","mainEntityOfPage":{"@id":"http:\/\/www.michael-riedel.at\/thomas-2\/"},"wordCount":39,"publisher":{"@id":"http:\/\/www.michael-riedel.at\/#organization"},"articleSection":["Water Alive"],"inLanguage":"fr-FR"},{"@type":"WebPage","@id":"http:\/\/www.michael-riedel.at\/thomas-2\/","url":"http:\/\/www.michael-riedel.at\/thomas-2\/","name":"Thomas - Cabinet holistique d'aromath\u00e9rapie, de th\u00e9rapie Bowen et de th\u00e9rapie par la fr\u00e9quence - Mag. (FH) Michael Riedel","isPartOf":{"@id":"http:\/\/www.michael-riedel.at\/#website"},"datePublished":"2022-12-16T13:01:00+00:00","dateModified":"2022-12-16T13:01:03+00:00","breadcrumb":{"@id":"http:\/\/www.michael-riedel.at\/thomas-2\/#breadcrumb"},"inLanguage":"fr-FR","potentialAction":[{"@type":"ReadAction","target":["http:\/\/www.michael-riedel.at\/thomas-2\/"]}]},{"@type":"BreadcrumbList","@id":"http:\/\/www.michael-riedel.at\/thomas-2\/#breadcrumb","itemListElement":[{"@type":"ListItem","position":1,"name":"Home","item":"https:\/\/www.michael-riedel.at\/"},{"@type":"ListItem","position":2,"name":"Erfahrungsberichte","item":"http:\/\/www.michael-riedel.at\/category\/erfahrungsberichte\/"},{"@type":"ListItem","position":3,"name":"Water Alive","item":"http:\/\/www.michael-riedel.at\/category\/erfahrungsberichte\/water-alive\/"},{"@type":"ListItem","position":4,"name":"Thomas"}]},{"@type":"WebSite","@id":"http:\/\/www.michael-riedel.at\/#website","url":"http:\/\/www.michael-riedel.at\/","name":"Cabinet holistique d'aromath\u00e9rapie, de th\u00e9rapie bowen et de th\u00e9rapie par la fr\u00e9quence - Michael Riedel, mag (FH)","description":"","publisher":{"@id":"http:\/\/www.michael-riedel.at\/#organization"},"potentialAction":[{"@type":"SearchAction","target":{"@type":"EntryPoint","urlTemplate":"http:\/\/www.michael-riedel.at\/?s={search_term_string}"},"query-input":{"@type":"PropertyValueSpecification","valueRequired":true,"valueName":"search_term_string"}}],"inLanguage":"fr-FR"},{"@type":"Organization","@id":"http:\/\/www.michael-riedel.at\/#organization","name":"Cabinet Bowen Mag.(FH) Michael Riedel","url":"http:\/\/www.michael-riedel.at\/","logo":{"@type":"ImageObject","inLanguage":"fr-FR","@id":"http:\/\/www.michael-riedel.at\/#\/schema\/logo\/image\/","url":"https:\/\/i0.wp.com\/www.michael-riedel.at\/wp-content\/uploads\/mr_background_popup_600x600.png?fit=600%2C600&ssl=1","contentUrl":"https:\/\/i0.wp.com\/www.michael-riedel.at\/wp-content\/uploads\/mr_background_popup_600x600.png?fit=600%2C600&ssl=1","width":600,"height":600,"caption":"Bowenpraxis Mag.(FH) Michael Riedel"},"image":{"@id":"http:\/\/www.michael-riedel.at\/#\/schema\/logo\/image\/"}},{"@type":"Person","@id":"http:\/\/www.michael-riedel.at\/#\/schema\/person\/063786a81856762d59139374a02dced7","name":"heileradmin","image":{"@type":"ImageObject","inLanguage":"fr-FR","@id":"https:\/\/secure.gravatar.com\/avatar\/88821d8e0ff8be0290581e85d6df9c0aea688bfa31d90d35df75cb46e81d6ce5?s=96&d=mm&r=g","url":"https:\/\/secure.gravatar.com\/avatar\/88821d8e0ff8be0290581e85d6df9c0aea688bfa31d90d35df75cb46e81d6ce5?s=96&d=mm&r=g","contentUrl":"https:\/\/secure.gravatar.com\/avatar\/88821d8e0ff8be0290581e85d6df9c0aea688bfa31d90d35df75cb46e81d6ce5?s=96&d=mm&r=g","caption":"heileradmin"},"sameAs":["http:\/\/www.michael-riedel.at"]}]}},"_links":{"self":[{"href":"http:\/\/www.michael-riedel.at\/fr\/wp-json\/wp\/v2\/posts\/2865","targetHints":{"allow":["GET"]}}],"collection":[{"href":"http:\/\/www.michael-riedel.at\/fr\/wp-json\/wp\/v2\/posts"}],"about":[{"href":"http:\/\/www.michael-riedel.at\/fr\/wp-json\/wp\/v2\/types\/post"}],"author":[{"embeddable":true,"href":"http:\/\/www.michael-riedel.at\/fr\/wp-json\/wp\/v2\/users\/1"}],"replies":[{"embeddable":true,"href":"http:\/\/www.michael-riedel.at\/fr\/wp-json\/wp\/v2\/comments?post=2865"}],"version-history":[{"count":0,"href":"http:\/\/www.michael-riedel.at\/fr\/wp-json\/wp\/v2\/posts\/2865\/revisions"}],"wp:attachment":[{"href":"http:\/\/www.michael-riedel.at\/fr\/wp-json\/wp\/v2\/media?parent=2865"}],"wp:term":[{"taxonomy":"category","embeddable":true,"href":"http:\/\/www.michael-riedel.at\/fr\/wp-json\/wp\/v2\/categories?post=2865"},{"taxonomy":"post_tag","embeddable":true,"href":"http:\/\/www.michael-riedel.at\/fr\/wp-json\/wp\/v2\/tags?post=2865"}],"curies":[{"name":"wp","href":"https:\/\/api.w.org\/{rel}","templated":true}]}}