{"id":2884,"date":"2022-12-16T12:09:00","date_gmt":"2022-12-16T12:09:00","guid":{"rendered":"http:\/\/www.michael-riedel.at\/?p=2884"},"modified":"2022-12-16T13:10:54","modified_gmt":"2022-12-16T13:10:54","slug":"franz-2","status":"publish","type":"post","link":"http:\/\/www.michael-riedel.at\/fr\/franz-2\/","title":{"rendered":"Franz"},"content":{"rendered":"<p>En \u00e9t\u00e9 2018, j'ai install\u00e9 le Water Alive sur ma conduite d'eau. La qualit\u00e9 de l'eau a chang\u00e9 imm\u00e9diatement et j'ai pu boire de l'eau pure, sans ajout de sirop, et en plus grande quantit\u00e9.<br>L\u00e0 o\u00f9 le changement s'est aussi beaucoup fait sentir, c'est dans l'\u00e9table des vaches laiti\u00e8res. Tous les deux mois environ, je dois vider l'espace de stockage du lisier sous les caillebotis dans la fosse \u00e0 l'aide d'une vanne. D\u00e8s la vidange, j'ai remarqu\u00e9 que la qualit\u00e9 du lisier s'\u00e9tait imm\u00e9diatement am\u00e9lior\u00e9e, car il s'\u00e9coulait de mani\u00e8re beaucoup plus r\u00e9guli\u00e8re. En automne, lorsque je m\u00e9lange le lisier avec le mixeur \u00e0 lisier, j'ai besoin d'environ la moiti\u00e9 du temps, car le lisier n'a plus une couche flottante aussi \u00e9paisse et l'odeur est \u00e9galement plus agr\u00e9able. Le lisier est d\u00e9j\u00e0 mieux d\u00e9compos\u00e9 par les organismes vivants et les micro-organismes et il est aussi beaucoup plus harmonieux pour le sol.<\/p>","protected":false},"excerpt":{"rendered":"<p>Ich installierte im Sommer 2018 an meiner Wasserleitung den Water Alive. Siehe da \u2013 die Wasserqualit\u00e4t ver\u00e4nderte sich gleich danach und ich konnte ab dem Zeitpunkt reines Wasser ohne Zusatz von Sirup trinken und auch viel mehr Menge.Wo sich die Ver\u00e4nderung auch noch sehr bemerkbar machte, war im Stall der Milchk\u00fche. Den G\u00fcllelagerraum unter den [&hellip;]<\/p>\n","protected":false},"author":1,"featured_media":0,"comment_status":"closed","ping_status":"open","sticky":false,"template":"","format":"standard","meta":{"footnotes":""},"categories":[448],"tags":[],"class_list":["post-2884","post","type-post","status-publish","format-standard","hentry","category-water-alive"],"yoast_head":"<!-- This site is optimized with the Yoast SEO plugin v27.5 - https:\/\/yoast.com\/product\/yoast-seo-wordpress\/ -->\n<title>Franz - Ganzheitliche Praxis f\u00fcr Aroma-, Bowen- und Frequenztherapie - Mag. (FH) Michael Riedel<\/title>\n<meta name=\"robots\" content=\"index, follow, max-snippet:-1, max-image-preview:large, max-video-preview:-1\" \/>\n<link rel=\"canonical\" href=\"http:\/\/www.michael-riedel.at\/fr\/franz-2\/\" \/>\n<meta property=\"og:locale\" content=\"fr_FR\" \/>\n<meta property=\"og:type\" content=\"article\" \/>\n<meta property=\"og:title\" content=\"Franz - Ganzheitliche Praxis f\u00fcr Aroma-, Bowen- und Frequenztherapie - Mag. (FH) Michael Riedel\" \/>\n<meta property=\"og:description\" content=\"Ich installierte im Sommer 2018 an meiner Wasserleitung den Water Alive. Siehe da \u2013 die Wasserqualit\u00e4t ver\u00e4nderte sich gleich danach und ich konnte ab dem Zeitpunkt reines Wasser ohne Zusatz von Sirup trinken und auch viel mehr Menge.Wo sich die Ver\u00e4nderung auch noch sehr bemerkbar machte, war im Stall der Milchk\u00fche. Den G\u00fcllelagerraum unter den [&hellip;]\" \/>\n<meta property=\"og:url\" content=\"http:\/\/www.michael-riedel.at\/fr\/franz-2\/\" \/>\n<meta property=\"og:site_name\" content=\"Ganzheitliche Praxis f\u00fcr Aroma-, Bowen- und Frequenztherapie - Mag. (FH) Michael Riedel\" \/>\n<meta property=\"article:published_time\" content=\"2022-12-16T12:09:00+00:00\" \/>\n<meta property=\"article:modified_time\" content=\"2022-12-16T13:10:54+00:00\" \/>\n<meta name=\"author\" content=\"heileradmin\" \/>\n<meta name=\"twitter:card\" content=\"summary_large_image\" \/>\n<meta name=\"twitter:label1\" content=\"\u00c9crit par\" \/>\n\t<meta name=\"twitter:data1\" content=\"heileradmin\" \/>\n\t<meta name=\"twitter:label2\" content=\"Dur\u00e9e de lecture estim\u00e9e\" \/>\n\t<meta name=\"twitter:data2\" content=\"1 minute\" \/>\n<script type=\"application\/ld+json\" class=\"yoast-schema-graph\">{\"@context\":\"https:\\\/\\\/schema.org\",\"@graph\":[{\"@type\":\"Article\",\"@id\":\"http:\\\/\\\/www.michael-riedel.at\\\/franz-2\\\/#article\",\"isPartOf\":{\"@id\":\"http:\\\/\\\/www.michael-riedel.at\\\/franz-2\\\/\"},\"author\":{\"name\":\"heileradmin\",\"@id\":\"http:\\\/\\\/www.michael-riedel.at\\\/#\\\/schema\\\/person\\\/063786a81856762d59139374a02dced7\"},\"headline\":\"Franz\",\"datePublished\":\"2022-12-16T12:09:00+00:00\",\"dateModified\":\"2022-12-16T13:10:54+00:00\",\"mainEntityOfPage\":{\"@id\":\"http:\\\/\\\/www.michael-riedel.at\\\/franz-2\\\/\"},\"wordCount\":153,\"publisher\":{\"@id\":\"http:\\\/\\\/www.michael-riedel.at\\\/#organization\"},\"articleSection\":[\"Water Alive\"],\"inLanguage\":\"fr-FR\"},{\"@type\":\"WebPage\",\"@id\":\"http:\\\/\\\/www.michael-riedel.at\\\/franz-2\\\/\",\"url\":\"http:\\\/\\\/www.michael-riedel.at\\\/franz-2\\\/\",\"name\":\"Franz - Ganzheitliche Praxis f\u00fcr Aroma-, Bowen- und Frequenztherapie - Mag. (FH) Michael Riedel\",\"isPartOf\":{\"@id\":\"http:\\\/\\\/www.michael-riedel.at\\\/#website\"},\"datePublished\":\"2022-12-16T12:09:00+00:00\",\"dateModified\":\"2022-12-16T13:10:54+00:00\",\"breadcrumb\":{\"@id\":\"http:\\\/\\\/www.michael-riedel.at\\\/franz-2\\\/#breadcrumb\"},\"inLanguage\":\"fr-FR\",\"potentialAction\":[{\"@type\":\"ReadAction\",\"target\":[\"http:\\\/\\\/www.michael-riedel.at\\\/franz-2\\\/\"]}]},{\"@type\":\"BreadcrumbList\",\"@id\":\"http:\\\/\\\/www.michael-riedel.at\\\/franz-2\\\/#breadcrumb\",\"itemListElement\":[{\"@type\":\"ListItem\",\"position\":1,\"name\":\"Home\",\"item\":\"https:\\\/\\\/www.michael-riedel.at\\\/\"},{\"@type\":\"ListItem\",\"position\":2,\"name\":\"Erfahrungsberichte\",\"item\":\"http:\\\/\\\/www.michael-riedel.at\\\/category\\\/erfahrungsberichte\\\/\"},{\"@type\":\"ListItem\",\"position\":3,\"name\":\"Water Alive\",\"item\":\"http:\\\/\\\/www.michael-riedel.at\\\/category\\\/erfahrungsberichte\\\/water-alive\\\/\"},{\"@type\":\"ListItem\",\"position\":4,\"name\":\"Franz\"}]},{\"@type\":\"WebSite\",\"@id\":\"http:\\\/\\\/www.michael-riedel.at\\\/#website\",\"url\":\"http:\\\/\\\/www.michael-riedel.at\\\/\",\"name\":\"Ganzheitliche Praxis f\u00fcr Aroma-, Bowen- und Frequenztherapie - Mag. (FH) Michael Riedel\",\"description\":\"\",\"publisher\":{\"@id\":\"http:\\\/\\\/www.michael-riedel.at\\\/#organization\"},\"potentialAction\":[{\"@type\":\"SearchAction\",\"target\":{\"@type\":\"EntryPoint\",\"urlTemplate\":\"http:\\\/\\\/www.michael-riedel.at\\\/?s={search_term_string}\"},\"query-input\":{\"@type\":\"PropertyValueSpecification\",\"valueRequired\":true,\"valueName\":\"search_term_string\"}}],\"inLanguage\":\"fr-FR\"},{\"@type\":\"Organization\",\"@id\":\"http:\\\/\\\/www.michael-riedel.at\\\/#organization\",\"name\":\"Bowenpraxis Mag.(FH) Michael Riedel\",\"url\":\"http:\\\/\\\/www.michael-riedel.at\\\/\",\"logo\":{\"@type\":\"ImageObject\",\"inLanguage\":\"fr-FR\",\"@id\":\"http:\\\/\\\/www.michael-riedel.at\\\/#\\\/schema\\\/logo\\\/image\\\/\",\"url\":\"https:\\\/\\\/i0.wp.com\\\/www.michael-riedel.at\\\/wp-content\\\/uploads\\\/mr_background_popup_600x600.png?fit=600%2C600&ssl=1\",\"contentUrl\":\"https:\\\/\\\/i0.wp.com\\\/www.michael-riedel.at\\\/wp-content\\\/uploads\\\/mr_background_popup_600x600.png?fit=600%2C600&ssl=1\",\"width\":600,\"height\":600,\"caption\":\"Bowenpraxis Mag.(FH) Michael Riedel\"},\"image\":{\"@id\":\"http:\\\/\\\/www.michael-riedel.at\\\/#\\\/schema\\\/logo\\\/image\\\/\"}},{\"@type\":\"Person\",\"@id\":\"http:\\\/\\\/www.michael-riedel.at\\\/#\\\/schema\\\/person\\\/063786a81856762d59139374a02dced7\",\"name\":\"heileradmin\",\"image\":{\"@type\":\"ImageObject\",\"inLanguage\":\"fr-FR\",\"@id\":\"https:\\\/\\\/secure.gravatar.com\\\/avatar\\\/88821d8e0ff8be0290581e85d6df9c0aea688bfa31d90d35df75cb46e81d6ce5?s=96&d=mm&r=g\",\"url\":\"https:\\\/\\\/secure.gravatar.com\\\/avatar\\\/88821d8e0ff8be0290581e85d6df9c0aea688bfa31d90d35df75cb46e81d6ce5?s=96&d=mm&r=g\",\"contentUrl\":\"https:\\\/\\\/secure.gravatar.com\\\/avatar\\\/88821d8e0ff8be0290581e85d6df9c0aea688bfa31d90d35df75cb46e81d6ce5?s=96&d=mm&r=g\",\"caption\":\"heileradmin\"},\"sameAs\":[\"http:\\\/\\\/www.michael-riedel.at\"]}]}<\/script>\n<!-- \/ Yoast SEO plugin. -->","yoast_head_json":{"title":"Franz - Cabinet holistique d'aromath\u00e9rapie, de th\u00e9rapie Bowen et de th\u00e9rapie par la fr\u00e9quence - Mag. (FH) Michael Riedel","robots":{"index":"index","follow":"follow","max-snippet":"max-snippet:-1","max-image-preview":"max-image-preview:large","max-video-preview":"max-video-preview:-1"},"canonical":"http:\/\/www.michael-riedel.at\/fr\/franz-2\/","og_locale":"fr_FR","og_type":"article","og_title":"Franz - Ganzheitliche Praxis f\u00fcr Aroma-, Bowen- und Frequenztherapie - Mag. (FH) Michael Riedel","og_description":"Ich installierte im Sommer 2018 an meiner Wasserleitung den Water Alive. Siehe da \u2013 die Wasserqualit\u00e4t ver\u00e4nderte sich gleich danach und ich konnte ab dem Zeitpunkt reines Wasser ohne Zusatz von Sirup trinken und auch viel mehr Menge.Wo sich die Ver\u00e4nderung auch noch sehr bemerkbar machte, war im Stall der Milchk\u00fche. Den G\u00fcllelagerraum unter den [&hellip;]","og_url":"http:\/\/www.michael-riedel.at\/fr\/franz-2\/","og_site_name":"Ganzheitliche Praxis f\u00fcr Aroma-, Bowen- und Frequenztherapie - Mag. (FH) Michael Riedel","article_published_time":"2022-12-16T12:09:00+00:00","article_modified_time":"2022-12-16T13:10:54+00:00","author":"heileradmin","twitter_card":"summary_large_image","twitter_misc":{"\u00c9crit par":"heileradmin","Dur\u00e9e de lecture estim\u00e9e":"1 minute"},"schema":{"@context":"https:\/\/schema.org","@graph":[{"@type":"Article","@id":"http:\/\/www.michael-riedel.at\/franz-2\/#article","isPartOf":{"@id":"http:\/\/www.michael-riedel.at\/franz-2\/"},"author":{"name":"heileradmin","@id":"http:\/\/www.michael-riedel.at\/#\/schema\/person\/063786a81856762d59139374a02dced7"},"headline":"Franz","datePublished":"2022-12-16T12:09:00+00:00","dateModified":"2022-12-16T13:10:54+00:00","mainEntityOfPage":{"@id":"http:\/\/www.michael-riedel.at\/franz-2\/"},"wordCount":153,"publisher":{"@id":"http:\/\/www.michael-riedel.at\/#organization"},"articleSection":["Water Alive"],"inLanguage":"fr-FR"},{"@type":"WebPage","@id":"http:\/\/www.michael-riedel.at\/franz-2\/","url":"http:\/\/www.michael-riedel.at\/franz-2\/","name":"Franz - Cabinet holistique d'aromath\u00e9rapie, de th\u00e9rapie Bowen et de th\u00e9rapie par la fr\u00e9quence - Mag. (FH) Michael Riedel","isPartOf":{"@id":"http:\/\/www.michael-riedel.at\/#website"},"datePublished":"2022-12-16T12:09:00+00:00","dateModified":"2022-12-16T13:10:54+00:00","breadcrumb":{"@id":"http:\/\/www.michael-riedel.at\/franz-2\/#breadcrumb"},"inLanguage":"fr-FR","potentialAction":[{"@type":"ReadAction","target":["http:\/\/www.michael-riedel.at\/franz-2\/"]}]},{"@type":"BreadcrumbList","@id":"http:\/\/www.michael-riedel.at\/franz-2\/#breadcrumb","itemListElement":[{"@type":"ListItem","position":1,"name":"Home","item":"https:\/\/www.michael-riedel.at\/"},{"@type":"ListItem","position":2,"name":"Erfahrungsberichte","item":"http:\/\/www.michael-riedel.at\/category\/erfahrungsberichte\/"},{"@type":"ListItem","position":3,"name":"Water Alive","item":"http:\/\/www.michael-riedel.at\/category\/erfahrungsberichte\/water-alive\/"},{"@type":"ListItem","position":4,"name":"Franz"}]},{"@type":"WebSite","@id":"http:\/\/www.michael-riedel.at\/#website","url":"http:\/\/www.michael-riedel.at\/","name":"Cabinet holistique d'aromath\u00e9rapie, de th\u00e9rapie bowen et de th\u00e9rapie par la fr\u00e9quence - Michael Riedel, mag (FH)","description":"","publisher":{"@id":"http:\/\/www.michael-riedel.at\/#organization"},"potentialAction":[{"@type":"SearchAction","target":{"@type":"EntryPoint","urlTemplate":"http:\/\/www.michael-riedel.at\/?s={search_term_string}"},"query-input":{"@type":"PropertyValueSpecification","valueRequired":true,"valueName":"search_term_string"}}],"inLanguage":"fr-FR"},{"@type":"Organization","@id":"http:\/\/www.michael-riedel.at\/#organization","name":"Cabinet Bowen Mag.(FH) Michael Riedel","url":"http:\/\/www.michael-riedel.at\/","logo":{"@type":"ImageObject","inLanguage":"fr-FR","@id":"http:\/\/www.michael-riedel.at\/#\/schema\/logo\/image\/","url":"https:\/\/i0.wp.com\/www.michael-riedel.at\/wp-content\/uploads\/mr_background_popup_600x600.png?fit=600%2C600&ssl=1","contentUrl":"https:\/\/i0.wp.com\/www.michael-riedel.at\/wp-content\/uploads\/mr_background_popup_600x600.png?fit=600%2C600&ssl=1","width":600,"height":600,"caption":"Bowenpraxis Mag.(FH) Michael Riedel"},"image":{"@id":"http:\/\/www.michael-riedel.at\/#\/schema\/logo\/image\/"}},{"@type":"Person","@id":"http:\/\/www.michael-riedel.at\/#\/schema\/person\/063786a81856762d59139374a02dced7","name":"heileradmin","image":{"@type":"ImageObject","inLanguage":"fr-FR","@id":"https:\/\/secure.gravatar.com\/avatar\/88821d8e0ff8be0290581e85d6df9c0aea688bfa31d90d35df75cb46e81d6ce5?s=96&d=mm&r=g","url":"https:\/\/secure.gravatar.com\/avatar\/88821d8e0ff8be0290581e85d6df9c0aea688bfa31d90d35df75cb46e81d6ce5?s=96&d=mm&r=g","contentUrl":"https:\/\/secure.gravatar.com\/avatar\/88821d8e0ff8be0290581e85d6df9c0aea688bfa31d90d35df75cb46e81d6ce5?s=96&d=mm&r=g","caption":"heileradmin"},"sameAs":["http:\/\/www.michael-riedel.at"]}]}},"_links":{"self":[{"href":"http:\/\/www.michael-riedel.at\/fr\/wp-json\/wp\/v2\/posts\/2884","targetHints":{"allow":["GET"]}}],"collection":[{"href":"http:\/\/www.michael-riedel.at\/fr\/wp-json\/wp\/v2\/posts"}],"about":[{"href":"http:\/\/www.michael-riedel.at\/fr\/wp-json\/wp\/v2\/types\/post"}],"author":[{"embeddable":true,"href":"http:\/\/www.michael-riedel.at\/fr\/wp-json\/wp\/v2\/users\/1"}],"replies":[{"embeddable":true,"href":"http:\/\/www.michael-riedel.at\/fr\/wp-json\/wp\/v2\/comments?post=2884"}],"version-history":[{"count":0,"href":"http:\/\/www.michael-riedel.at\/fr\/wp-json\/wp\/v2\/posts\/2884\/revisions"}],"wp:attachment":[{"href":"http:\/\/www.michael-riedel.at\/fr\/wp-json\/wp\/v2\/media?parent=2884"}],"wp:term":[{"taxonomy":"category","embeddable":true,"href":"http:\/\/www.michael-riedel.at\/fr\/wp-json\/wp\/v2\/categories?post=2884"},{"taxonomy":"post_tag","embeddable":true,"href":"http:\/\/www.michael-riedel.at\/fr\/wp-json\/wp\/v2\/tags?post=2884"}],"curies":[{"name":"wp","href":"https:\/\/api.w.org\/{rel}","templated":true}]}}