{"id":2904,"date":"2022-12-16T13:30:03","date_gmt":"2022-12-16T13:30:03","guid":{"rendered":"http:\/\/www.michael-riedel.at\/?p=2904"},"modified":"2022-12-16T14:50:32","modified_gmt":"2022-12-16T14:50:32","slug":"client-homme-78-ans","status":"publish","type":"post","link":"http:\/\/www.michael-riedel.at\/fr\/client-homme-78-ans\/","title":{"rendered":"Client Homme, 78 ans"},"content":{"rendered":"<h4 class=\"wp-block-heading\" id=\"h-ausgangssituation\">Situation de d\u00e9part<\/h4>\n\n\n\n<p>Probl\u00e8mes de sommeil, syndrome m\u00e9taboliques. <\/p>\n\n\n\n<p><\/p>\n\n\n\n<h4 class=\"wp-block-heading\">Applications<\/h4>\n\n\n\n<p>Traitement \u00e0 distance tous les jours ou tous les deux jours pendant 30 minutes chacun.<\/p>\n\n\n\n<p><\/p>\n\n\n\n<h4 class=\"wp-block-heading\">R\u00e9sultat<\/h4>\n\n\n\n<p>Les probl\u00e8mes de sommeil ont disparu, bon rythme de sommeil\/\u00e9veil. Les maux de dos permanents le matin ont \u00e9galement disparu. Le taux de glyc\u00e9mie s'est \u00e9galement am\u00e9lior\u00e9. <\/p>\n\n\n\n<p>Contr\u00f4le d'entr\u00e9e et contr\u00f4le continu au moyen de la mesure du VRC<\/p>\n\n\n\n<div style=\"height:50px\" aria-hidden=\"true\" class=\"wp-block-spacer\"><\/div>","protected":false},"excerpt":{"rendered":"<p>Situation initiale Probl\u00e8mes de sommeil, syndrome m\u00e9taboliques. Applications Traitement \u00e0 distance tous les jours ou tous les deux jours pendant 30 minutes chacun. R\u00e9sultat Les probl\u00e8mes de sommeil ont disparu, bon rythme de sommeil\/\u00e9veil. Les douleurs dorsales permanentes le matin ont \u00e9galement disparu. Le taux de glyc\u00e9mie s'est \u00e9galement am\u00e9lior\u00e9. Contr\u00f4le initial et continu par mesure de la VRC<\/p>","protected":false},"author":1,"featured_media":0,"comment_status":"closed","ping_status":"open","sticky":false,"template":"","format":"standard","meta":{"footnotes":""},"categories":[450],"tags":[],"class_list":["post-2904","post","type-post","status-publish","format-standard","hentry","category-teleonic"],"yoast_head":"<!-- This site is optimized with the Yoast SEO plugin v27.4 - https:\/\/yoast.com\/product\/yoast-seo-wordpress\/ -->\n<title>Klient m\u00e4nnlich, 78J - Ganzheitliche Praxis f\u00fcr Aroma-, Bowen- und Frequenztherapie - Mag. (FH) Michael Riedel<\/title>\n<meta name=\"robots\" content=\"index, follow, max-snippet:-1, max-image-preview:large, max-video-preview:-1\" \/>\n<link rel=\"canonical\" href=\"http:\/\/www.michael-riedel.at\/fr\/client-homme-78-ans\/\" \/>\n<meta property=\"og:locale\" content=\"fr_FR\" \/>\n<meta property=\"og:type\" content=\"article\" \/>\n<meta property=\"og:title\" content=\"Klient m\u00e4nnlich, 78J - Ganzheitliche Praxis f\u00fcr Aroma-, Bowen- und Frequenztherapie - Mag. (FH) Michael Riedel\" \/>\n<meta property=\"og:description\" content=\"Ausgangssituation Schlafprobleme, metaboisches Syndrom. Anwendungen Fernbehandlung t\u00e4glich bis jeden 2. Tag jeweils 30 Minuten. Ergebnis Die Schlafprobleme sind verschwunden, guter Schlaf-\/Wachrhythmus. Auch die st\u00e4ndigen R\u00fcckenschmerzen in der Fr\u00fch sind weg. Der Blutzuckerspiegel hat sich ebenfalls verbessert. Eingangs- und laufende Kontrolle mittels HRV-Messung\" \/>\n<meta property=\"og:url\" content=\"http:\/\/www.michael-riedel.at\/fr\/client-homme-78-ans\/\" \/>\n<meta property=\"og:site_name\" content=\"Ganzheitliche Praxis f\u00fcr Aroma-, Bowen- und Frequenztherapie - Mag. (FH) Michael Riedel\" \/>\n<meta property=\"article:published_time\" content=\"2022-12-16T13:30:03+00:00\" \/>\n<meta property=\"article:modified_time\" content=\"2022-12-16T14:50:32+00:00\" \/>\n<meta name=\"author\" content=\"heileradmin\" \/>\n<meta name=\"twitter:card\" content=\"summary_large_image\" \/>\n<meta name=\"twitter:label1\" content=\"\u00c9crit par\" \/>\n\t<meta name=\"twitter:data1\" content=\"heileradmin\" \/>\n\t<meta name=\"twitter:label2\" content=\"Dur\u00e9e de lecture estim\u00e9e\" \/>\n\t<meta name=\"twitter:data2\" content=\"1 minute\" \/>\n<script type=\"application\/ld+json\" class=\"yoast-schema-graph\">{\"@context\":\"https:\\\/\\\/schema.org\",\"@graph\":[{\"@type\":\"Article\",\"@id\":\"http:\\\/\\\/www.michael-riedel.at\\\/klient-maennlich-78j\\\/#article\",\"isPartOf\":{\"@id\":\"http:\\\/\\\/www.michael-riedel.at\\\/klient-maennlich-78j\\\/\"},\"author\":{\"name\":\"heileradmin\",\"@id\":\"http:\\\/\\\/www.michael-riedel.at\\\/#\\\/schema\\\/person\\\/063786a81856762d59139374a02dced7\"},\"headline\":\"Klient m\u00e4nnlich, 78J\",\"datePublished\":\"2022-12-16T13:30:03+00:00\",\"dateModified\":\"2022-12-16T14:50:32+00:00\",\"mainEntityOfPage\":{\"@id\":\"http:\\\/\\\/www.michael-riedel.at\\\/klient-maennlich-78j\\\/\"},\"wordCount\":49,\"publisher\":{\"@id\":\"http:\\\/\\\/www.michael-riedel.at\\\/#organization\"},\"articleSection\":[\"Teleonic\"],\"inLanguage\":\"fr-FR\"},{\"@type\":\"WebPage\",\"@id\":\"http:\\\/\\\/www.michael-riedel.at\\\/klient-maennlich-78j\\\/\",\"url\":\"http:\\\/\\\/www.michael-riedel.at\\\/klient-maennlich-78j\\\/\",\"name\":\"Klient m\u00e4nnlich, 78J - Ganzheitliche Praxis f\u00fcr Aroma-, Bowen- und Frequenztherapie - Mag. (FH) Michael Riedel\",\"isPartOf\":{\"@id\":\"http:\\\/\\\/www.michael-riedel.at\\\/#website\"},\"datePublished\":\"2022-12-16T13:30:03+00:00\",\"dateModified\":\"2022-12-16T14:50:32+00:00\",\"breadcrumb\":{\"@id\":\"http:\\\/\\\/www.michael-riedel.at\\\/klient-maennlich-78j\\\/#breadcrumb\"},\"inLanguage\":\"fr-FR\",\"potentialAction\":[{\"@type\":\"ReadAction\",\"target\":[\"http:\\\/\\\/www.michael-riedel.at\\\/klient-maennlich-78j\\\/\"]}]},{\"@type\":\"BreadcrumbList\",\"@id\":\"http:\\\/\\\/www.michael-riedel.at\\\/klient-maennlich-78j\\\/#breadcrumb\",\"itemListElement\":[{\"@type\":\"ListItem\",\"position\":1,\"name\":\"Home\",\"item\":\"https:\\\/\\\/www.michael-riedel.at\\\/\"},{\"@type\":\"ListItem\",\"position\":2,\"name\":\"Erfahrungsberichte\",\"item\":\"http:\\\/\\\/www.michael-riedel.at\\\/category\\\/erfahrungsberichte\\\/\"},{\"@type\":\"ListItem\",\"position\":3,\"name\":\"Teleonic\",\"item\":\"http:\\\/\\\/www.michael-riedel.at\\\/category\\\/erfahrungsberichte\\\/teleonic\\\/\"},{\"@type\":\"ListItem\",\"position\":4,\"name\":\"Klient m\u00e4nnlich, 78J\"}]},{\"@type\":\"WebSite\",\"@id\":\"http:\\\/\\\/www.michael-riedel.at\\\/#website\",\"url\":\"http:\\\/\\\/www.michael-riedel.at\\\/\",\"name\":\"Ganzheitliche Praxis f\u00fcr Aroma-, Bowen- und Frequenztherapie - Mag. (FH) Michael Riedel\",\"description\":\"\",\"publisher\":{\"@id\":\"http:\\\/\\\/www.michael-riedel.at\\\/#organization\"},\"potentialAction\":[{\"@type\":\"SearchAction\",\"target\":{\"@type\":\"EntryPoint\",\"urlTemplate\":\"http:\\\/\\\/www.michael-riedel.at\\\/?s={search_term_string}\"},\"query-input\":{\"@type\":\"PropertyValueSpecification\",\"valueRequired\":true,\"valueName\":\"search_term_string\"}}],\"inLanguage\":\"fr-FR\"},{\"@type\":\"Organization\",\"@id\":\"http:\\\/\\\/www.michael-riedel.at\\\/#organization\",\"name\":\"Bowenpraxis Mag.(FH) Michael Riedel\",\"url\":\"http:\\\/\\\/www.michael-riedel.at\\\/\",\"logo\":{\"@type\":\"ImageObject\",\"inLanguage\":\"fr-FR\",\"@id\":\"http:\\\/\\\/www.michael-riedel.at\\\/#\\\/schema\\\/logo\\\/image\\\/\",\"url\":\"https:\\\/\\\/i0.wp.com\\\/www.michael-riedel.at\\\/wp-content\\\/uploads\\\/mr_background_popup_600x600.png?fit=600%2C600&ssl=1\",\"contentUrl\":\"https:\\\/\\\/i0.wp.com\\\/www.michael-riedel.at\\\/wp-content\\\/uploads\\\/mr_background_popup_600x600.png?fit=600%2C600&ssl=1\",\"width\":600,\"height\":600,\"caption\":\"Bowenpraxis Mag.(FH) Michael Riedel\"},\"image\":{\"@id\":\"http:\\\/\\\/www.michael-riedel.at\\\/#\\\/schema\\\/logo\\\/image\\\/\"}},{\"@type\":\"Person\",\"@id\":\"http:\\\/\\\/www.michael-riedel.at\\\/#\\\/schema\\\/person\\\/063786a81856762d59139374a02dced7\",\"name\":\"heileradmin\",\"image\":{\"@type\":\"ImageObject\",\"inLanguage\":\"fr-FR\",\"@id\":\"https:\\\/\\\/secure.gravatar.com\\\/avatar\\\/88821d8e0ff8be0290581e85d6df9c0aea688bfa31d90d35df75cb46e81d6ce5?s=96&d=mm&r=g\",\"url\":\"https:\\\/\\\/secure.gravatar.com\\\/avatar\\\/88821d8e0ff8be0290581e85d6df9c0aea688bfa31d90d35df75cb46e81d6ce5?s=96&d=mm&r=g\",\"contentUrl\":\"https:\\\/\\\/secure.gravatar.com\\\/avatar\\\/88821d8e0ff8be0290581e85d6df9c0aea688bfa31d90d35df75cb46e81d6ce5?s=96&d=mm&r=g\",\"caption\":\"heileradmin\"},\"sameAs\":[\"http:\\\/\\\/www.michael-riedel.at\"]}]}<\/script>\n<!-- \/ Yoast SEO plugin. -->","yoast_head_json":{"title":"Client Homme, 78 ans - Cabinet holistique d'aromath\u00e9rapie, de th\u00e9rapie bowen et de th\u00e9rapie par les fr\u00e9quences - Michael Riedel, Mag (FH)","robots":{"index":"index","follow":"follow","max-snippet":"max-snippet:-1","max-image-preview":"max-image-preview:large","max-video-preview":"max-video-preview:-1"},"canonical":"http:\/\/www.michael-riedel.at\/fr\/client-homme-78-ans\/","og_locale":"fr_FR","og_type":"article","og_title":"Klient m\u00e4nnlich, 78J - Ganzheitliche Praxis f\u00fcr Aroma-, Bowen- und Frequenztherapie - Mag. (FH) Michael Riedel","og_description":"Ausgangssituation Schlafprobleme, metaboisches Syndrom. Anwendungen Fernbehandlung t\u00e4glich bis jeden 2. Tag jeweils 30 Minuten. Ergebnis Die Schlafprobleme sind verschwunden, guter Schlaf-\/Wachrhythmus. Auch die st\u00e4ndigen R\u00fcckenschmerzen in der Fr\u00fch sind weg. Der Blutzuckerspiegel hat sich ebenfalls verbessert. Eingangs- und laufende Kontrolle mittels HRV-Messung","og_url":"http:\/\/www.michael-riedel.at\/fr\/client-homme-78-ans\/","og_site_name":"Ganzheitliche Praxis f\u00fcr Aroma-, Bowen- und Frequenztherapie - Mag. (FH) Michael Riedel","article_published_time":"2022-12-16T13:30:03+00:00","article_modified_time":"2022-12-16T14:50:32+00:00","author":"heileradmin","twitter_card":"summary_large_image","twitter_misc":{"\u00c9crit par":"heileradmin","Dur\u00e9e de lecture estim\u00e9e":"1 minute"},"schema":{"@context":"https:\/\/schema.org","@graph":[{"@type":"Article","@id":"http:\/\/www.michael-riedel.at\/klient-maennlich-78j\/#article","isPartOf":{"@id":"http:\/\/www.michael-riedel.at\/klient-maennlich-78j\/"},"author":{"name":"heileradmin","@id":"http:\/\/www.michael-riedel.at\/#\/schema\/person\/063786a81856762d59139374a02dced7"},"headline":"Klient m\u00e4nnlich, 78J","datePublished":"2022-12-16T13:30:03+00:00","dateModified":"2022-12-16T14:50:32+00:00","mainEntityOfPage":{"@id":"http:\/\/www.michael-riedel.at\/klient-maennlich-78j\/"},"wordCount":49,"publisher":{"@id":"http:\/\/www.michael-riedel.at\/#organization"},"articleSection":["Teleonic"],"inLanguage":"fr-FR"},{"@type":"WebPage","@id":"http:\/\/www.michael-riedel.at\/klient-maennlich-78j\/","url":"http:\/\/www.michael-riedel.at\/klient-maennlich-78j\/","name":"Client Homme, 78 ans - Cabinet holistique d'aromath\u00e9rapie, de th\u00e9rapie bowen et de th\u00e9rapie par les fr\u00e9quences - Michael Riedel, Mag (FH)","isPartOf":{"@id":"http:\/\/www.michael-riedel.at\/#website"},"datePublished":"2022-12-16T13:30:03+00:00","dateModified":"2022-12-16T14:50:32+00:00","breadcrumb":{"@id":"http:\/\/www.michael-riedel.at\/klient-maennlich-78j\/#breadcrumb"},"inLanguage":"fr-FR","potentialAction":[{"@type":"ReadAction","target":["http:\/\/www.michael-riedel.at\/klient-maennlich-78j\/"]}]},{"@type":"BreadcrumbList","@id":"http:\/\/www.michael-riedel.at\/klient-maennlich-78j\/#breadcrumb","itemListElement":[{"@type":"ListItem","position":1,"name":"Home","item":"https:\/\/www.michael-riedel.at\/"},{"@type":"ListItem","position":2,"name":"Erfahrungsberichte","item":"http:\/\/www.michael-riedel.at\/category\/erfahrungsberichte\/"},{"@type":"ListItem","position":3,"name":"Teleonic","item":"http:\/\/www.michael-riedel.at\/category\/erfahrungsberichte\/teleonic\/"},{"@type":"ListItem","position":4,"name":"Klient m\u00e4nnlich, 78J"}]},{"@type":"WebSite","@id":"http:\/\/www.michael-riedel.at\/#website","url":"http:\/\/www.michael-riedel.at\/","name":"Cabinet holistique d'aromath\u00e9rapie, de th\u00e9rapie bowen et de th\u00e9rapie par la fr\u00e9quence - Michael Riedel, mag (FH)","description":"","publisher":{"@id":"http:\/\/www.michael-riedel.at\/#organization"},"potentialAction":[{"@type":"SearchAction","target":{"@type":"EntryPoint","urlTemplate":"http:\/\/www.michael-riedel.at\/?s={search_term_string}"},"query-input":{"@type":"PropertyValueSpecification","valueRequired":true,"valueName":"search_term_string"}}],"inLanguage":"fr-FR"},{"@type":"Organization","@id":"http:\/\/www.michael-riedel.at\/#organization","name":"Cabinet Bowen Mag.(FH) Michael Riedel","url":"http:\/\/www.michael-riedel.at\/","logo":{"@type":"ImageObject","inLanguage":"fr-FR","@id":"http:\/\/www.michael-riedel.at\/#\/schema\/logo\/image\/","url":"https:\/\/i0.wp.com\/www.michael-riedel.at\/wp-content\/uploads\/mr_background_popup_600x600.png?fit=600%2C600&ssl=1","contentUrl":"https:\/\/i0.wp.com\/www.michael-riedel.at\/wp-content\/uploads\/mr_background_popup_600x600.png?fit=600%2C600&ssl=1","width":600,"height":600,"caption":"Bowenpraxis Mag.(FH) Michael Riedel"},"image":{"@id":"http:\/\/www.michael-riedel.at\/#\/schema\/logo\/image\/"}},{"@type":"Person","@id":"http:\/\/www.michael-riedel.at\/#\/schema\/person\/063786a81856762d59139374a02dced7","name":"heileradmin","image":{"@type":"ImageObject","inLanguage":"fr-FR","@id":"https:\/\/secure.gravatar.com\/avatar\/88821d8e0ff8be0290581e85d6df9c0aea688bfa31d90d35df75cb46e81d6ce5?s=96&d=mm&r=g","url":"https:\/\/secure.gravatar.com\/avatar\/88821d8e0ff8be0290581e85d6df9c0aea688bfa31d90d35df75cb46e81d6ce5?s=96&d=mm&r=g","contentUrl":"https:\/\/secure.gravatar.com\/avatar\/88821d8e0ff8be0290581e85d6df9c0aea688bfa31d90d35df75cb46e81d6ce5?s=96&d=mm&r=g","caption":"heileradmin"},"sameAs":["http:\/\/www.michael-riedel.at"]}]}},"_links":{"self":[{"href":"http:\/\/www.michael-riedel.at\/fr\/wp-json\/wp\/v2\/posts\/2904","targetHints":{"allow":["GET"]}}],"collection":[{"href":"http:\/\/www.michael-riedel.at\/fr\/wp-json\/wp\/v2\/posts"}],"about":[{"href":"http:\/\/www.michael-riedel.at\/fr\/wp-json\/wp\/v2\/types\/post"}],"author":[{"embeddable":true,"href":"http:\/\/www.michael-riedel.at\/fr\/wp-json\/wp\/v2\/users\/1"}],"replies":[{"embeddable":true,"href":"http:\/\/www.michael-riedel.at\/fr\/wp-json\/wp\/v2\/comments?post=2904"}],"version-history":[{"count":0,"href":"http:\/\/www.michael-riedel.at\/fr\/wp-json\/wp\/v2\/posts\/2904\/revisions"}],"wp:attachment":[{"href":"http:\/\/www.michael-riedel.at\/fr\/wp-json\/wp\/v2\/media?parent=2904"}],"wp:term":[{"taxonomy":"category","embeddable":true,"href":"http:\/\/www.michael-riedel.at\/fr\/wp-json\/wp\/v2\/categories?post=2904"},{"taxonomy":"post_tag","embeddable":true,"href":"http:\/\/www.michael-riedel.at\/fr\/wp-json\/wp\/v2\/tags?post=2904"}],"curies":[{"name":"wp","href":"https:\/\/api.w.org\/{rel}","templated":true}]}}