{"id":2950,"date":"2022-12-18T10:07:21","date_gmt":"2022-12-18T10:07:21","guid":{"rendered":"http:\/\/www.michael-riedel.at\/?p=2950"},"modified":"2022-12-18T10:15:25","modified_gmt":"2022-12-18T10:15:25","slug":"silvia","status":"publish","type":"post","link":"http:\/\/www.michael-riedel.at\/fr\/silvia\/","title":{"rendered":"Silvia"},"content":{"rendered":"<p>Depuis que j'utilise le transformateur de champ vital, j'ai plus d'\u00e9nergie et je dors mieux. Les zones de perturbation g\u00e9ophysiques ont enfin disparu et je peux \u00e0 nouveau <strong>Vivre sans \u00e9lectrosmog<\/strong> - <strong>tout<\/strong> <strong>sans consommation d'\u00e9nergie<\/strong>! <\/p>\n\n\n\n<p>C'est une sensation unique et un v\u00e9ritable soulagement de vivre sans \u00e9lectrosmog.<\/p>\n\n\n\n<p><\/p>","protected":false},"excerpt":{"rendered":"<p>Seit ich den Vitalfeldtransformer benutze, habe ich mehr Energie und kann wieder besser schlafen. Die geophysikalischen St\u00f6rzonen sind endlich verschwunden und ich kann wieder Elektrosmog-frei leben \u2013 ganz ohne Stromverbrauch! Es ist ein einmaliges Gef\u00fchl und eine echte Erleichterung, ohne Elektrosmog zu leben.<\/p>","protected":false},"author":1,"featured_media":0,"comment_status":"closed","ping_status":"open","sticky":false,"template":"","format":"standard","meta":{"footnotes":""},"categories":[452],"tags":[],"class_list":["post-2950","post","type-post","status-publish","format-standard","hentry","category-vitalfeldtransformer-erfahrungsberichte"],"yoast_head":"<!-- This site is optimized with the Yoast SEO plugin v27.5 - https:\/\/yoast.com\/product\/yoast-seo-wordpress\/ -->\n<title>Silvia - Ganzheitliche Praxis f\u00fcr Aroma-, Bowen- und Frequenztherapie - Mag. (FH) Michael Riedel<\/title>\n<meta name=\"description\" content=\"Seit ich den Vitalfeldtransformer benutze, habe ich mehr Energie und kann wieder besser schlafen. Die geophysikalischen St\u00f6rzonen sind endlich verschwunden und ich kann wieder Elektrosmog-frei leben \u2013 ganz ohne Stromverbrauch!\" \/>\n<meta name=\"robots\" content=\"index, follow, max-snippet:-1, max-image-preview:large, max-video-preview:-1\" \/>\n<link rel=\"canonical\" href=\"https:\/\/www.michael-riedel.at\/fr\/silvia\/\" \/>\n<meta property=\"og:locale\" content=\"fr_FR\" \/>\n<meta property=\"og:type\" content=\"article\" \/>\n<meta property=\"og:title\" content=\"Silvia - Ganzheitliche Praxis f\u00fcr Aroma-, Bowen- und Frequenztherapie - Mag. (FH) Michael Riedel\" \/>\n<meta property=\"og:description\" content=\"Seit ich den Vitalfeldtransformer benutze, habe ich mehr Energie und kann wieder besser schlafen. Die geophysikalischen St\u00f6rzonen sind endlich verschwunden und ich kann wieder Elektrosmog-frei leben \u2013 ganz ohne Stromverbrauch!\" \/>\n<meta property=\"og:url\" content=\"https:\/\/www.michael-riedel.at\/fr\/silvia\/\" \/>\n<meta property=\"og:site_name\" content=\"Ganzheitliche Praxis f\u00fcr Aroma-, Bowen- und Frequenztherapie - Mag. (FH) Michael Riedel\" \/>\n<meta property=\"article:published_time\" content=\"2022-12-18T10:07:21+00:00\" \/>\n<meta property=\"article:modified_time\" content=\"2022-12-18T10:15:25+00:00\" \/>\n<meta name=\"author\" content=\"heileradmin\" \/>\n<meta name=\"twitter:card\" content=\"summary_large_image\" \/>\n<meta name=\"twitter:label1\" content=\"\u00c9crit par\" \/>\n\t<meta name=\"twitter:data1\" content=\"heileradmin\" \/>\n\t<meta name=\"twitter:label2\" content=\"Dur\u00e9e de lecture estim\u00e9e\" \/>\n\t<meta name=\"twitter:data2\" content=\"1 minute\" \/>\n<script type=\"application\/ld+json\" class=\"yoast-schema-graph\">{\"@context\":\"https:\\\/\\\/schema.org\",\"@graph\":[{\"@type\":\"Article\",\"@id\":\"https:\\\/\\\/www.michael-riedel.at\\\/silvia\\\/#article\",\"isPartOf\":{\"@id\":\"https:\\\/\\\/www.michael-riedel.at\\\/silvia\\\/\"},\"author\":{\"name\":\"heileradmin\",\"@id\":\"http:\\\/\\\/www.michael-riedel.at\\\/#\\\/schema\\\/person\\\/063786a81856762d59139374a02dced7\"},\"headline\":\"Silvia\",\"datePublished\":\"2022-12-18T10:07:21+00:00\",\"dateModified\":\"2022-12-18T10:15:25+00:00\",\"mainEntityOfPage\":{\"@id\":\"https:\\\/\\\/www.michael-riedel.at\\\/silvia\\\/\"},\"wordCount\":45,\"publisher\":{\"@id\":\"http:\\\/\\\/www.michael-riedel.at\\\/#organization\"},\"articleSection\":[\"Vitalfeldtransformer\"],\"inLanguage\":\"fr-FR\"},{\"@type\":\"WebPage\",\"@id\":\"https:\\\/\\\/www.michael-riedel.at\\\/silvia\\\/\",\"url\":\"https:\\\/\\\/www.michael-riedel.at\\\/silvia\\\/\",\"name\":\"Silvia - Ganzheitliche Praxis f\u00fcr Aroma-, Bowen- und Frequenztherapie - Mag. (FH) Michael Riedel\",\"isPartOf\":{\"@id\":\"http:\\\/\\\/www.michael-riedel.at\\\/#website\"},\"datePublished\":\"2022-12-18T10:07:21+00:00\",\"dateModified\":\"2022-12-18T10:15:25+00:00\",\"description\":\"Seit ich den Vitalfeldtransformer benutze, habe ich mehr Energie und kann wieder besser schlafen. Die geophysikalischen St\u00f6rzonen sind endlich verschwunden und ich kann wieder Elektrosmog-frei leben \u2013 ganz ohne Stromverbrauch!\",\"breadcrumb\":{\"@id\":\"https:\\\/\\\/www.michael-riedel.at\\\/silvia\\\/#breadcrumb\"},\"inLanguage\":\"fr-FR\",\"potentialAction\":[{\"@type\":\"ReadAction\",\"target\":[\"https:\\\/\\\/www.michael-riedel.at\\\/silvia\\\/\"]}]},{\"@type\":\"BreadcrumbList\",\"@id\":\"https:\\\/\\\/www.michael-riedel.at\\\/silvia\\\/#breadcrumb\",\"itemListElement\":[{\"@type\":\"ListItem\",\"position\":1,\"name\":\"Home\",\"item\":\"https:\\\/\\\/www.michael-riedel.at\\\/\"},{\"@type\":\"ListItem\",\"position\":2,\"name\":\"Erfahrungsberichte\",\"item\":\"http:\\\/\\\/www.michael-riedel.at\\\/category\\\/erfahrungsberichte\\\/\"},{\"@type\":\"ListItem\",\"position\":3,\"name\":\"Vitalfeldtransformer\",\"item\":\"http:\\\/\\\/www.michael-riedel.at\\\/category\\\/erfahrungsberichte\\\/vitalfeldtransformer-erfahrungsberichte\\\/\"},{\"@type\":\"ListItem\",\"position\":4,\"name\":\"Silvia\"}]},{\"@type\":\"WebSite\",\"@id\":\"http:\\\/\\\/www.michael-riedel.at\\\/#website\",\"url\":\"http:\\\/\\\/www.michael-riedel.at\\\/\",\"name\":\"Ganzheitliche Praxis f\u00fcr Aroma-, Bowen- und Frequenztherapie - Mag. (FH) Michael Riedel\",\"description\":\"\",\"publisher\":{\"@id\":\"http:\\\/\\\/www.michael-riedel.at\\\/#organization\"},\"potentialAction\":[{\"@type\":\"SearchAction\",\"target\":{\"@type\":\"EntryPoint\",\"urlTemplate\":\"http:\\\/\\\/www.michael-riedel.at\\\/?s={search_term_string}\"},\"query-input\":{\"@type\":\"PropertyValueSpecification\",\"valueRequired\":true,\"valueName\":\"search_term_string\"}}],\"inLanguage\":\"fr-FR\"},{\"@type\":\"Organization\",\"@id\":\"http:\\\/\\\/www.michael-riedel.at\\\/#organization\",\"name\":\"Bowenpraxis Mag.(FH) Michael Riedel\",\"url\":\"http:\\\/\\\/www.michael-riedel.at\\\/\",\"logo\":{\"@type\":\"ImageObject\",\"inLanguage\":\"fr-FR\",\"@id\":\"http:\\\/\\\/www.michael-riedel.at\\\/#\\\/schema\\\/logo\\\/image\\\/\",\"url\":\"https:\\\/\\\/i0.wp.com\\\/www.michael-riedel.at\\\/wp-content\\\/uploads\\\/mr_background_popup_600x600.png?fit=600%2C600&ssl=1\",\"contentUrl\":\"https:\\\/\\\/i0.wp.com\\\/www.michael-riedel.at\\\/wp-content\\\/uploads\\\/mr_background_popup_600x600.png?fit=600%2C600&ssl=1\",\"width\":600,\"height\":600,\"caption\":\"Bowenpraxis Mag.(FH) Michael Riedel\"},\"image\":{\"@id\":\"http:\\\/\\\/www.michael-riedel.at\\\/#\\\/schema\\\/logo\\\/image\\\/\"}},{\"@type\":\"Person\",\"@id\":\"http:\\\/\\\/www.michael-riedel.at\\\/#\\\/schema\\\/person\\\/063786a81856762d59139374a02dced7\",\"name\":\"heileradmin\",\"image\":{\"@type\":\"ImageObject\",\"inLanguage\":\"fr-FR\",\"@id\":\"https:\\\/\\\/secure.gravatar.com\\\/avatar\\\/88821d8e0ff8be0290581e85d6df9c0aea688bfa31d90d35df75cb46e81d6ce5?s=96&d=mm&r=g\",\"url\":\"https:\\\/\\\/secure.gravatar.com\\\/avatar\\\/88821d8e0ff8be0290581e85d6df9c0aea688bfa31d90d35df75cb46e81d6ce5?s=96&d=mm&r=g\",\"contentUrl\":\"https:\\\/\\\/secure.gravatar.com\\\/avatar\\\/88821d8e0ff8be0290581e85d6df9c0aea688bfa31d90d35df75cb46e81d6ce5?s=96&d=mm&r=g\",\"caption\":\"heileradmin\"},\"sameAs\":[\"http:\\\/\\\/www.michael-riedel.at\"]}]}<\/script>\n<!-- \/ Yoast SEO plugin. -->","yoast_head_json":{"title":"Silvia - Cabinet holistique d'aromath\u00e9rapie, de th\u00e9rapie Bowen et de th\u00e9rapie par la fr\u00e9quence - Mag. (FH) Michael Riedel","description":"Depuis que j'utilise le transformateur de champ vital, j'ai plus d'\u00e9nergie et je dors \u00e0 nouveau mieux. Les zones de perturbation g\u00e9ophysiques ont enfin disparu et je peux \u00e0 nouveau vivre sans \u00e9lectrosmog - sans aucune consommation d'\u00e9lectricit\u00e9 !","robots":{"index":"index","follow":"follow","max-snippet":"max-snippet:-1","max-image-preview":"max-image-preview:large","max-video-preview":"max-video-preview:-1"},"canonical":"https:\/\/www.michael-riedel.at\/fr\/silvia\/","og_locale":"fr_FR","og_type":"article","og_title":"Silvia - Ganzheitliche Praxis f\u00fcr Aroma-, Bowen- und Frequenztherapie - Mag. (FH) Michael Riedel","og_description":"Seit ich den Vitalfeldtransformer benutze, habe ich mehr Energie und kann wieder besser schlafen. Die geophysikalischen St\u00f6rzonen sind endlich verschwunden und ich kann wieder Elektrosmog-frei leben \u2013 ganz ohne Stromverbrauch!","og_url":"https:\/\/www.michael-riedel.at\/fr\/silvia\/","og_site_name":"Ganzheitliche Praxis f\u00fcr Aroma-, Bowen- und Frequenztherapie - Mag. (FH) Michael Riedel","article_published_time":"2022-12-18T10:07:21+00:00","article_modified_time":"2022-12-18T10:15:25+00:00","author":"heileradmin","twitter_card":"summary_large_image","twitter_misc":{"\u00c9crit par":"heileradmin","Dur\u00e9e de lecture estim\u00e9e":"1 minute"},"schema":{"@context":"https:\/\/schema.org","@graph":[{"@type":"Article","@id":"https:\/\/www.michael-riedel.at\/silvia\/#article","isPartOf":{"@id":"https:\/\/www.michael-riedel.at\/silvia\/"},"author":{"name":"heileradmin","@id":"http:\/\/www.michael-riedel.at\/#\/schema\/person\/063786a81856762d59139374a02dced7"},"headline":"Silvia","datePublished":"2022-12-18T10:07:21+00:00","dateModified":"2022-12-18T10:15:25+00:00","mainEntityOfPage":{"@id":"https:\/\/www.michael-riedel.at\/silvia\/"},"wordCount":45,"publisher":{"@id":"http:\/\/www.michael-riedel.at\/#organization"},"articleSection":["Vitalfeldtransformer"],"inLanguage":"fr-FR"},{"@type":"WebPage","@id":"https:\/\/www.michael-riedel.at\/silvia\/","url":"https:\/\/www.michael-riedel.at\/silvia\/","name":"Silvia - Cabinet holistique d'aromath\u00e9rapie, de th\u00e9rapie Bowen et de th\u00e9rapie par la fr\u00e9quence - Mag. (FH) Michael Riedel","isPartOf":{"@id":"http:\/\/www.michael-riedel.at\/#website"},"datePublished":"2022-12-18T10:07:21+00:00","dateModified":"2022-12-18T10:15:25+00:00","description":"Depuis que j'utilise le transformateur de champ vital, j'ai plus d'\u00e9nergie et je dors \u00e0 nouveau mieux. Les zones de perturbation g\u00e9ophysiques ont enfin disparu et je peux \u00e0 nouveau vivre sans \u00e9lectrosmog - sans aucune consommation d'\u00e9lectricit\u00e9 !","breadcrumb":{"@id":"https:\/\/www.michael-riedel.at\/silvia\/#breadcrumb"},"inLanguage":"fr-FR","potentialAction":[{"@type":"ReadAction","target":["https:\/\/www.michael-riedel.at\/silvia\/"]}]},{"@type":"BreadcrumbList","@id":"https:\/\/www.michael-riedel.at\/silvia\/#breadcrumb","itemListElement":[{"@type":"ListItem","position":1,"name":"Home","item":"https:\/\/www.michael-riedel.at\/"},{"@type":"ListItem","position":2,"name":"Erfahrungsberichte","item":"http:\/\/www.michael-riedel.at\/category\/erfahrungsberichte\/"},{"@type":"ListItem","position":3,"name":"Vitalfeldtransformer","item":"http:\/\/www.michael-riedel.at\/category\/erfahrungsberichte\/vitalfeldtransformer-erfahrungsberichte\/"},{"@type":"ListItem","position":4,"name":"Silvia"}]},{"@type":"WebSite","@id":"http:\/\/www.michael-riedel.at\/#website","url":"http:\/\/www.michael-riedel.at\/","name":"Cabinet holistique d'aromath\u00e9rapie, de th\u00e9rapie bowen et de th\u00e9rapie par la fr\u00e9quence - Michael Riedel, mag (FH)","description":"","publisher":{"@id":"http:\/\/www.michael-riedel.at\/#organization"},"potentialAction":[{"@type":"SearchAction","target":{"@type":"EntryPoint","urlTemplate":"http:\/\/www.michael-riedel.at\/?s={search_term_string}"},"query-input":{"@type":"PropertyValueSpecification","valueRequired":true,"valueName":"search_term_string"}}],"inLanguage":"fr-FR"},{"@type":"Organization","@id":"http:\/\/www.michael-riedel.at\/#organization","name":"Cabinet Bowen Mag.(FH) Michael Riedel","url":"http:\/\/www.michael-riedel.at\/","logo":{"@type":"ImageObject","inLanguage":"fr-FR","@id":"http:\/\/www.michael-riedel.at\/#\/schema\/logo\/image\/","url":"https:\/\/i0.wp.com\/www.michael-riedel.at\/wp-content\/uploads\/mr_background_popup_600x600.png?fit=600%2C600&ssl=1","contentUrl":"https:\/\/i0.wp.com\/www.michael-riedel.at\/wp-content\/uploads\/mr_background_popup_600x600.png?fit=600%2C600&ssl=1","width":600,"height":600,"caption":"Bowenpraxis Mag.(FH) Michael Riedel"},"image":{"@id":"http:\/\/www.michael-riedel.at\/#\/schema\/logo\/image\/"}},{"@type":"Person","@id":"http:\/\/www.michael-riedel.at\/#\/schema\/person\/063786a81856762d59139374a02dced7","name":"heileradmin","image":{"@type":"ImageObject","inLanguage":"fr-FR","@id":"https:\/\/secure.gravatar.com\/avatar\/88821d8e0ff8be0290581e85d6df9c0aea688bfa31d90d35df75cb46e81d6ce5?s=96&d=mm&r=g","url":"https:\/\/secure.gravatar.com\/avatar\/88821d8e0ff8be0290581e85d6df9c0aea688bfa31d90d35df75cb46e81d6ce5?s=96&d=mm&r=g","contentUrl":"https:\/\/secure.gravatar.com\/avatar\/88821d8e0ff8be0290581e85d6df9c0aea688bfa31d90d35df75cb46e81d6ce5?s=96&d=mm&r=g","caption":"heileradmin"},"sameAs":["http:\/\/www.michael-riedel.at"]}]}},"_links":{"self":[{"href":"http:\/\/www.michael-riedel.at\/fr\/wp-json\/wp\/v2\/posts\/2950","targetHints":{"allow":["GET"]}}],"collection":[{"href":"http:\/\/www.michael-riedel.at\/fr\/wp-json\/wp\/v2\/posts"}],"about":[{"href":"http:\/\/www.michael-riedel.at\/fr\/wp-json\/wp\/v2\/types\/post"}],"author":[{"embeddable":true,"href":"http:\/\/www.michael-riedel.at\/fr\/wp-json\/wp\/v2\/users\/1"}],"replies":[{"embeddable":true,"href":"http:\/\/www.michael-riedel.at\/fr\/wp-json\/wp\/v2\/comments?post=2950"}],"version-history":[{"count":0,"href":"http:\/\/www.michael-riedel.at\/fr\/wp-json\/wp\/v2\/posts\/2950\/revisions"}],"wp:attachment":[{"href":"http:\/\/www.michael-riedel.at\/fr\/wp-json\/wp\/v2\/media?parent=2950"}],"wp:term":[{"taxonomy":"category","embeddable":true,"href":"http:\/\/www.michael-riedel.at\/fr\/wp-json\/wp\/v2\/categories?post=2950"},{"taxonomy":"post_tag","embeddable":true,"href":"http:\/\/www.michael-riedel.at\/fr\/wp-json\/wp\/v2\/tags?post=2950"}],"curies":[{"name":"wp","href":"https:\/\/api.w.org\/{rel}","templated":true}]}}